{"id":10893,"date":"2026-09-06T01:01:28","date_gmt":"2026-09-05T22:01:28","guid":{"rendered":"https:\/\/yurtbakisi.com\/?p=10893"},"modified":"2026-09-06T01:01:34","modified_gmt":"2026-09-05T22:01:34","slug":"kpss-maratonu-yarin-baslayacak","status":"publish","type":"post","link":"https:\/\/yurtbakisi.com\/?p=10893","title":{"rendered":"KPSS maratonu yar\u0131n ba\u015flayacak"},"content":{"rendered":"<p>Kamu Personeli Se\u00e7me S\u0131nav\u0131 (KPSS) s\u00fcreci, \u00d6l\u00e7me, Se\u00e7me ve Yerle\u015ftirme Merkezince (\u00d6SYM) yar\u0131n yap\u0131lacak Genel Yetenek-Genel K\u00fclt\u00fcr oturumuyla ba\u015flayacak.<\/p>\n<p><strong>Kaynak:<\/strong> TRT Haber \u2014 <a href=\"https:\/\/www.trthaber.com\/haber\/egitim\/kpss-maratonu-yarin-baslayacak-955993.html\" target=\"_blank\" rel=\"nofollow noopener\">Haberin devam\u0131n\u0131 \u00f6zg\u00fcn kayna\u011f\u0131nda oku<\/a><\/p>\n","protected":false},"excerpt":{"rendered":"<p>Kamu Personeli Se\u00e7me S\u0131nav\u0131 (KPSS) s\u00fcreci, \u00d6l\u00e7me, Se\u00e7me ve Yerle\u015ftirme Merkezince (\u00d6SYM) yar\u0131n yap\u0131lacak Genel Yetenek-Genel K\u00fclt\u00fcr oturumuyla ba\u015flayacak.<\/p>\n","protected":false},"author":0,"featured_media":10895,"comment_status":"closed","ping_status":"closed","sticky":false,"template":"","format":"standard","meta":{"_yb_topic_hash":"ce6bb001d320dd97b97b7f7b204c54484996f3340dbd0aa8ff7e5cda0a83ce6e","_yb_image_repair_status":"","_yb_image_repair_last":"","_yb_image_repair_attempts":0,"_yb_source_trust_score":0,"footnotes":""},"categories":[157],"tags":[111],"yb_news_series":[],"yb_language":[],"class_list":["post-10893","post","type-post","status-publish","format-standard","has-post-thumbnail","hentry","category-egitim","tag-kultur-sanat"],"blocksy_meta":[],"_links":{"self":[{"href":"https:\/\/yurtbakisi.com\/index.php?rest_route=\/wp\/v2\/posts\/10893","targetHints":{"allow":["GET"]}}],"collection":[{"href":"https:\/\/yurtbakisi.com\/index.php?rest_route=\/wp\/v2\/posts"}],"about":[{"href":"https:\/\/yurtbakisi.com\/index.php?rest_route=\/wp\/v2\/types\/post"}],"replies":[{"embeddable":true,"href":"https:\/\/yurtbakisi.com\/index.php?rest_route=%2Fwp%2Fv2%2Fcomments&post=10893"}],"version-history":[{"count":1,"href":"https:\/\/yurtbakisi.com\/index.php?rest_route=\/wp\/v2\/posts\/10893\/revisions"}],"predecessor-version":[{"id":10994,"href":"https:\/\/yurtbakisi.com\/index.php?rest_route=\/wp\/v2\/posts\/10893\/revisions\/10994"}],"wp:featuredmedia":[{"embeddable":true,"href":"https:\/\/yurtbakisi.com\/index.php?rest_route=\/wp\/v2\/media\/10895"}],"wp:attachment":[{"href":"https:\/\/yurtbakisi.com\/index.php?rest_route=%2Fwp%2Fv2%2Fmedia&parent=10893"}],"wp:term":[{"taxonomy":"category","embeddable":true,"href":"https:\/\/yurtbakisi.com\/index.php?rest_route=%2Fwp%2Fv2%2Fcategories&post=10893"},{"taxonomy":"post_tag","embeddable":true,"href":"https:\/\/yurtbakisi.com\/index.php?rest_route=%2Fwp%2Fv2%2Ftags&post=10893"},{"taxonomy":"yb_news_series","embeddable":true,"href":"https:\/\/yurtbakisi.com\/index.php?rest_route=%2Fwp%2Fv2%2Fyb_news_series&post=10893"},{"taxonomy":"yb_language","embeddable":true,"href":"https:\/\/yurtbakisi.com\/index.php?rest_route=%2Fwp%2Fv2%2Fyb_language&post=10893"}],"curies":[{"name":"wp","href":"https:\/\/api.w.org\/{rel}","templated":true}]}}