{"id":14534,"date":"2026-09-06T02:01:08","date_gmt":"2026-09-05T23:01:08","guid":{"rendered":"https:\/\/yurtbakisi.com\/?p=14534"},"modified":"2026-09-06T02:01:15","modified_gmt":"2026-09-05T23:01:15","slug":"fenerbahcebesiktas-macinda-iyilik-var-gonulluluk-platformunun-tanitimi-yapildi","status":"publish","type":"post","link":"https:\/\/yurtbakisi.com\/?p=14534","title":{"rendered":"Fenerbah\u00e7eBe\u015fikta\u015f ma\u00e7\u0131nda &#039;\u0130yilik Var G\u00f6n\u00fcll\u00fcl\u00fck Platformu&#039;nun tan\u0131t\u0131m\u0131 yap\u0131ld\u0131"},"content":{"rendered":"<p>Aile ve Sosyal Hizmetler Bakanl\u0131\u011f\u0131n\u0131n b\u00fcnyesinde kurulan &quot;\u0130yilik Var&quot; dijital g\u00f6n\u00fcll\u00fcl\u00fck platformunun tan\u0131t\u0131m\u0131, bug\u00fcn oynanan Fenerbah\u00e7e-Be\u015fikta\u015f derbisinde yap\u0131ld\u0131.<\/p>\n<p><strong>Kaynak:<\/strong> TRT Haber \u2014 <a href=\"https:\/\/www.trthaber.com\/haber\/gundem\/fenerbahce-besiktas-macinda-iyilik-var-gonulluluk-platformunun-tanitimi-yapildi-956009.html\" target=\"_blank\" rel=\"nofollow noopener\">Haberin devam\u0131n\u0131 \u00f6zg\u00fcn kayna\u011f\u0131nda oku<\/a><\/p>\n","protected":false},"excerpt":{"rendered":"<p>Aile ve Sosyal Hizmetler Bakanl\u0131\u011f\u0131n\u0131n b\u00fcnyesinde kurulan &#8220;\u0130yilik Var&#8221; dijital g\u00f6n\u00fcll\u00fcl\u00fck platformunun tan\u0131t\u0131m\u0131, bug\u00fcn oynanan Fenerbah\u00e7e-Be\u015fikta\u015f derbisinde yap\u0131ld\u0131.<\/p>\n","protected":false},"author":0,"featured_media":14535,"comment_status":"closed","ping_status":"closed","sticky":false,"template":"","format":"standard","meta":{"_yb_topic_hash":"fa5ef9a640ce3c469a291658ecd3bd13b5cc2c8229f120f4aee8842e09e2a28d","_yb_image_repair_status":"","_yb_image_repair_last":"","_yb_image_repair_attempts":0,"_yb_source_trust_score":0,"footnotes":""},"categories":[153],"tags":[],"yb_news_series":[],"yb_language":[],"class_list":["post-14534","post","type-post","status-publish","format-standard","has-post-thumbnail","hentry","category-gundem"],"blocksy_meta":[],"_links":{"self":[{"href":"https:\/\/yurtbakisi.com\/index.php?rest_route=\/wp\/v2\/posts\/14534","targetHints":{"allow":["GET"]}}],"collection":[{"href":"https:\/\/yurtbakisi.com\/index.php?rest_route=\/wp\/v2\/posts"}],"about":[{"href":"https:\/\/yurtbakisi.com\/index.php?rest_route=\/wp\/v2\/types\/post"}],"replies":[{"embeddable":true,"href":"https:\/\/yurtbakisi.com\/index.php?rest_route=%2Fwp%2Fv2%2Fcomments&post=14534"}],"version-history":[{"count":1,"href":"https:\/\/yurtbakisi.com\/index.php?rest_route=\/wp\/v2\/posts\/14534\/revisions"}],"predecessor-version":[{"id":14536,"href":"https:\/\/yurtbakisi.com\/index.php?rest_route=\/wp\/v2\/posts\/14534\/revisions\/14536"}],"wp:featuredmedia":[{"embeddable":true,"href":"https:\/\/yurtbakisi.com\/index.php?rest_route=\/wp\/v2\/media\/14535"}],"wp:attachment":[{"href":"https:\/\/yurtbakisi.com\/index.php?rest_route=%2Fwp%2Fv2%2Fmedia&parent=14534"}],"wp:term":[{"taxonomy":"category","embeddable":true,"href":"https:\/\/yurtbakisi.com\/index.php?rest_route=%2Fwp%2Fv2%2Fcategories&post=14534"},{"taxonomy":"post_tag","embeddable":true,"href":"https:\/\/yurtbakisi.com\/index.php?rest_route=%2Fwp%2Fv2%2Ftags&post=14534"},{"taxonomy":"yb_news_series","embeddable":true,"href":"https:\/\/yurtbakisi.com\/index.php?rest_route=%2Fwp%2Fv2%2Fyb_news_series&post=14534"},{"taxonomy":"yb_language","embeddable":true,"href":"https:\/\/yurtbakisi.com\/index.php?rest_route=%2Fwp%2Fv2%2Fyb_language&post=14534"}],"curies":[{"name":"wp","href":"https:\/\/api.w.org\/{rel}","templated":true}]}}