{"id":14549,"date":"2026-09-06T03:06:14","date_gmt":"2026-09-06T00:06:14","guid":{"rendered":"https:\/\/yurtbakisi.com\/?p=14549"},"modified":"2026-09-06T03:06:30","modified_gmt":"2026-09-06T00:06:30","slug":"silivri-aciklarinda-batan-gemi-720-metre-derinlikte-goruntulendi","status":"publish","type":"post","link":"https:\/\/yurtbakisi.com\/?p=14549","title":{"rendered":"Silivri a\u00e7\u0131klar\u0131nda batan gemi 720 metre derinlikte g\u00f6r\u00fcnt\u00fclendi"},"content":{"rendered":"<p>Silivri a\u00e7\u0131klar\u0131nda iki T\u00fcrk bayrakl\u0131 ticari geminin \u00e7arp\u0131\u015fmas\u0131 sonucu batan ve d\u00fcn &quot;TCG Ak\u0131n&quot; taraf\u0131ndan 720 metre derinlikte yeri tespit edilen &quot;Tu\u011fberk \u0130mamo\u011flu&quot; gemisi uzaktan kumandal\u0131 su alt\u0131 arac\u0131yla (ROV) g\u00f6r\u00fcnt\u00fclendi.<\/p>\n<p><strong>Kaynak:<\/strong> TRT Haber \u2014 <a href=\"https:\/\/www.trthaber.com\/haber\/gundem\/silivri-aciklarinda-batan-gemi-720-metre-derinlikte-goruntulendi-956007.html\" target=\"_blank\" rel=\"nofollow noopener\">Haberin devam\u0131n\u0131 \u00f6zg\u00fcn kayna\u011f\u0131nda oku<\/a><\/p>\n","protected":false},"excerpt":{"rendered":"<p>Silivri a\u00e7\u0131klar\u0131nda iki T\u00fcrk bayrakl\u0131 ticari geminin \u00e7arp\u0131\u015fmas\u0131 sonucu batan ve d\u00fcn &#8220;TCG Ak\u0131n&#8221; taraf\u0131ndan 720 metre derinlikte yeri tespit edilen &#8220;Tu\u011fberk \u0130mamo\u011flu&#8221; gemisi uzaktan kumandal\u0131 su alt\u0131 arac\u0131yla (ROV) g\u00f6r\u00fcnt\u00fclendi.<\/p>\n","protected":false},"author":0,"featured_media":14550,"comment_status":"closed","ping_status":"closed","sticky":false,"template":"","format":"standard","meta":{"_yb_topic_hash":"06a07db41340fe8af4f49f8b8da55fa7776e708a8109d12dbd79687f2c9c99e5","_yb_image_repair_status":"","_yb_image_repair_last":"","_yb_image_repair_attempts":0,"_yb_source_trust_score":0,"footnotes":""},"categories":[153],"tags":[130],"yb_news_series":[],"yb_language":[],"class_list":["post-14549","post","type-post","status-publish","format-standard","has-post-thumbnail","hentry","category-gundem","tag-foto-galeri"],"blocksy_meta":[],"_links":{"self":[{"href":"https:\/\/yurtbakisi.com\/index.php?rest_route=\/wp\/v2\/posts\/14549","targetHints":{"allow":["GET"]}}],"collection":[{"href":"https:\/\/yurtbakisi.com\/index.php?rest_route=\/wp\/v2\/posts"}],"about":[{"href":"https:\/\/yurtbakisi.com\/index.php?rest_route=\/wp\/v2\/types\/post"}],"replies":[{"embeddable":true,"href":"https:\/\/yurtbakisi.com\/index.php?rest_route=%2Fwp%2Fv2%2Fcomments&post=14549"}],"version-history":[{"count":1,"href":"https:\/\/yurtbakisi.com\/index.php?rest_route=\/wp\/v2\/posts\/14549\/revisions"}],"predecessor-version":[{"id":14551,"href":"https:\/\/yurtbakisi.com\/index.php?rest_route=\/wp\/v2\/posts\/14549\/revisions\/14551"}],"wp:featuredmedia":[{"embeddable":true,"href":"https:\/\/yurtbakisi.com\/index.php?rest_route=\/wp\/v2\/media\/14550"}],"wp:attachment":[{"href":"https:\/\/yurtbakisi.com\/index.php?rest_route=%2Fwp%2Fv2%2Fmedia&parent=14549"}],"wp:term":[{"taxonomy":"category","embeddable":true,"href":"https:\/\/yurtbakisi.com\/index.php?rest_route=%2Fwp%2Fv2%2Fcategories&post=14549"},{"taxonomy":"post_tag","embeddable":true,"href":"https:\/\/yurtbakisi.com\/index.php?rest_route=%2Fwp%2Fv2%2Ftags&post=14549"},{"taxonomy":"yb_news_series","embeddable":true,"href":"https:\/\/yurtbakisi.com\/index.php?rest_route=%2Fwp%2Fv2%2Fyb_news_series&post=14549"},{"taxonomy":"yb_language","embeddable":true,"href":"https:\/\/yurtbakisi.com\/index.php?rest_route=%2Fwp%2Fv2%2Fyb_language&post=14549"}],"curies":[{"name":"wp","href":"https:\/\/api.w.org\/{rel}","templated":true}]}}