{"id":14552,"date":"2026-09-06T04:00:46","date_gmt":"2026-09-06T01:00:46","guid":{"rendered":"https:\/\/yurtbakisi.com\/?p=14552"},"modified":"2026-09-06T04:00:54","modified_gmt":"2026-09-06T01:00:54","slug":"kahramanmarasta-okul-saldirisi-davasinda-sanik-anne-yeniden-tutuklandi","status":"publish","type":"post","link":"https:\/\/yurtbakisi.com\/?p=14552","title":{"rendered":"Kahramanmara\u015f&#039;ta okul sald\u0131r\u0131s\u0131 davas\u0131nda san\u0131k anne yeniden tutukland\u0131"},"content":{"rendered":"<p>Kahramanmara\u015f&#039;ta 1 \u00f6\u011fretmen ile 9 \u00f6\u011frencinin hayat\u0131n\u0131 kaybetti\u011fi, 15 \u00f6\u011frencinin yaraland\u0131\u011f\u0131 okul sald\u0131r\u0131s\u0131na ili\u015fkin davada tahliye edilen san\u0131k Peyman P\u0131nar Mersinli, savc\u0131l\u0131\u011f\u0131n itiraz\u0131 \u00fczerine yeniden tutukland\u0131.<\/p>\n<p><strong>Kaynak:<\/strong> TRT Haber \u2014 <a href=\"https:\/\/www.trthaber.com\/haber\/turkiye\/kahramanmarasta-okul-saldirisi-davasinda-sanik-anne-yeniden-tutuklandi-955998.html\" target=\"_blank\" rel=\"nofollow noopener\">Haberin devam\u0131n\u0131 \u00f6zg\u00fcn kayna\u011f\u0131nda oku<\/a><\/p>\n","protected":false},"excerpt":{"rendered":"<p>Kahramanmara\u015f&#8217;ta 1 \u00f6\u011fretmen ile 9 \u00f6\u011frencinin hayat\u0131n\u0131 kaybetti\u011fi, 15 \u00f6\u011frencinin yaraland\u0131\u011f\u0131 okul sald\u0131r\u0131s\u0131na ili\u015fkin davada tahliye edilen san\u0131k Peyman P\u0131nar Mersinli, savc\u0131l\u0131\u011f\u0131n itiraz\u0131 \u00fczerine yeniden tutukland\u0131.<\/p>\n","protected":false},"author":0,"featured_media":14553,"comment_status":"closed","ping_status":"closed","sticky":false,"template":"","format":"standard","meta":{"_yb_topic_hash":"d24de32e8164122db0f844a626290a2f5d176ce0ee34cf88d85b0d8c6e2764d8","_yb_image_repair_status":"","_yb_image_repair_last":"","_yb_image_repair_attempts":0,"_yb_source_trust_score":0,"footnotes":""},"categories":[157,154],"tags":[],"yb_news_series":[],"yb_language":[],"class_list":["post-14552","post","type-post","status-publish","format-standard","has-post-thumbnail","hentry","category-egitim","category-turkiye"],"blocksy_meta":[],"_links":{"self":[{"href":"https:\/\/yurtbakisi.com\/index.php?rest_route=\/wp\/v2\/posts\/14552","targetHints":{"allow":["GET"]}}],"collection":[{"href":"https:\/\/yurtbakisi.com\/index.php?rest_route=\/wp\/v2\/posts"}],"about":[{"href":"https:\/\/yurtbakisi.com\/index.php?rest_route=\/wp\/v2\/types\/post"}],"replies":[{"embeddable":true,"href":"https:\/\/yurtbakisi.com\/index.php?rest_route=%2Fwp%2Fv2%2Fcomments&post=14552"}],"version-history":[{"count":1,"href":"https:\/\/yurtbakisi.com\/index.php?rest_route=\/wp\/v2\/posts\/14552\/revisions"}],"predecessor-version":[{"id":14554,"href":"https:\/\/yurtbakisi.com\/index.php?rest_route=\/wp\/v2\/posts\/14552\/revisions\/14554"}],"wp:featuredmedia":[{"embeddable":true,"href":"https:\/\/yurtbakisi.com\/index.php?rest_route=\/wp\/v2\/media\/14553"}],"wp:attachment":[{"href":"https:\/\/yurtbakisi.com\/index.php?rest_route=%2Fwp%2Fv2%2Fmedia&parent=14552"}],"wp:term":[{"taxonomy":"category","embeddable":true,"href":"https:\/\/yurtbakisi.com\/index.php?rest_route=%2Fwp%2Fv2%2Fcategories&post=14552"},{"taxonomy":"post_tag","embeddable":true,"href":"https:\/\/yurtbakisi.com\/index.php?rest_route=%2Fwp%2Fv2%2Ftags&post=14552"},{"taxonomy":"yb_news_series","embeddable":true,"href":"https:\/\/yurtbakisi.com\/index.php?rest_route=%2Fwp%2Fv2%2Fyb_news_series&post=14552"},{"taxonomy":"yb_language","embeddable":true,"href":"https:\/\/yurtbakisi.com\/index.php?rest_route=%2Fwp%2Fv2%2Fyb_language&post=14552"}],"curies":[{"name":"wp","href":"https:\/\/api.w.org\/{rel}","templated":true}]}}