{"id":14594,"date":"2026-09-06T13:02:19","date_gmt":"2026-09-06T10:02:19","guid":{"rendered":"https:\/\/yurtbakisi.com\/?p=14594"},"modified":"2026-09-06T13:02:27","modified_gmt":"2026-09-06T10:02:27","slug":"konyaantalya-yolculugu-20-dakika-kisalacak","status":"publish","type":"post","link":"https:\/\/yurtbakisi.com\/?p=14594","title":{"rendered":"KonyaAntalya yolculu\u011fu 20 dakika k\u0131salacak"},"content":{"rendered":"<p>Ula\u015ft\u0131rma ve Altyap\u0131 Bakan\u0131 Abdulkadir Uralo\u011flu, Konya ile Antalya aras\u0131ndaki ula\u015f\u0131m\u0131n \u00f6nemli ge\u00e7i\u015f noktalar\u0131ndan Alacabel T\u00fcneli&#039;nin tamamlanmas\u0131yla seyahat s\u00fcresinin 20 dakika, g\u00fczergah\u0131n da mevcut yola g\u00f6re 7 kilometre k\u0131salaca\u011f\u0131n\u0131 a\u00e7\u0131klad\u0131.<\/p>\n<p><strong>Kaynak:<\/strong> TRT Haber \u2014 <a href=\"https:\/\/www.trthaber.com\/haber\/turkiye\/konya-antalya-yolculugu-20-dakika-kisalacak-956035.html\" target=\"_blank\" rel=\"nofollow noopener\">Haberin devam\u0131n\u0131 \u00f6zg\u00fcn kayna\u011f\u0131nda oku<\/a><\/p>\n","protected":false},"excerpt":{"rendered":"<p>Ula\u015ft\u0131rma ve Altyap\u0131 Bakan\u0131 Abdulkadir Uralo\u011flu, Konya ile Antalya aras\u0131ndaki ula\u015f\u0131m\u0131n \u00f6nemli ge\u00e7i\u015f noktalar\u0131ndan Alacabel T\u00fcneli&#8217;nin tamamlanmas\u0131yla seyahat s\u00fcresinin 20 dakika, g\u00fczergah\u0131n da mevcut yola g\u00f6re 7 kilometre k\u0131salaca\u011f\u0131n\u0131 a\u00e7\u0131klad\u0131.<\/p>\n","protected":false},"author":0,"featured_media":14595,"comment_status":"closed","ping_status":"closed","sticky":false,"template":"","format":"standard","meta":{"_yb_topic_hash":"ed39860f652230849938792a55a6e94dae9fbb601dae5fa0f24da878c0cfafa3","_yb_image_repair_status":"","_yb_image_repair_last":"","_yb_image_repair_attempts":0,"_yb_source_trust_score":0,"footnotes":""},"categories":[154],"tags":[128],"yb_news_series":[],"yb_language":[],"class_list":["post-14594","post","type-post","status-publish","format-standard","has-post-thumbnail","hentry","category-turkiye","tag-yasam"],"blocksy_meta":[],"_links":{"self":[{"href":"https:\/\/yurtbakisi.com\/index.php?rest_route=\/wp\/v2\/posts\/14594","targetHints":{"allow":["GET"]}}],"collection":[{"href":"https:\/\/yurtbakisi.com\/index.php?rest_route=\/wp\/v2\/posts"}],"about":[{"href":"https:\/\/yurtbakisi.com\/index.php?rest_route=\/wp\/v2\/types\/post"}],"replies":[{"embeddable":true,"href":"https:\/\/yurtbakisi.com\/index.php?rest_route=%2Fwp%2Fv2%2Fcomments&post=14594"}],"version-history":[{"count":1,"href":"https:\/\/yurtbakisi.com\/index.php?rest_route=\/wp\/v2\/posts\/14594\/revisions"}],"predecessor-version":[{"id":14596,"href":"https:\/\/yurtbakisi.com\/index.php?rest_route=\/wp\/v2\/posts\/14594\/revisions\/14596"}],"wp:featuredmedia":[{"embeddable":true,"href":"https:\/\/yurtbakisi.com\/index.php?rest_route=\/wp\/v2\/media\/14595"}],"wp:attachment":[{"href":"https:\/\/yurtbakisi.com\/index.php?rest_route=%2Fwp%2Fv2%2Fmedia&parent=14594"}],"wp:term":[{"taxonomy":"category","embeddable":true,"href":"https:\/\/yurtbakisi.com\/index.php?rest_route=%2Fwp%2Fv2%2Fcategories&post=14594"},{"taxonomy":"post_tag","embeddable":true,"href":"https:\/\/yurtbakisi.com\/index.php?rest_route=%2Fwp%2Fv2%2Ftags&post=14594"},{"taxonomy":"yb_news_series","embeddable":true,"href":"https:\/\/yurtbakisi.com\/index.php?rest_route=%2Fwp%2Fv2%2Fyb_news_series&post=14594"},{"taxonomy":"yb_language","embeddable":true,"href":"https:\/\/yurtbakisi.com\/index.php?rest_route=%2Fwp%2Fv2%2Fyb_language&post=14594"}],"curies":[{"name":"wp","href":"https:\/\/api.w.org\/{rel}","templated":true}]}}