{"id":14624,"date":"2026-09-06T15:04:15","date_gmt":"2026-09-06T12:04:15","guid":{"rendered":"https:\/\/yurtbakisi.com\/?p=14624"},"modified":"2026-09-06T15:04:23","modified_gmt":"2026-09-06T12:04:23","slug":"okullarda-uyum-haftasi-yarin-basliyor","status":"publish","type":"post","link":"https:\/\/yurtbakisi.com\/?p=14624","title":{"rendered":"Okullarda uyum haftas\u0131 yar\u0131n ba\u015fl\u0131yor"},"content":{"rendered":"<p>Okul \u00f6ncesi, ilkokul 1&#039;inci s\u0131n\u0131f ve ortaokul 5&#039;inci s\u0131n\u0131f \u00f6\u011frencilerine y\u00f6nelik &quot;Okula Uyum Haftas\u0131&quot; yar\u0131n ba\u015fl\u0131yor. MEB taraf\u0131ndan okul \u00f6ncesi, ilkokul 1&#039;inci ve ortaokul 5&#039;inci s\u0131n\u0131f \u00f6\u011frencileri i\u00e7in haz\u0131rlanan, rehberlik uygulamalar\u0131n\u0131 da i\u00e7eren program 11 Eyl\u00fcl&#039;e kadar s\u00fcrecek.<\/p>\n<p><strong>Kaynak:<\/strong> TRT Haber \u2014 <a href=\"https:\/\/www.trthaber.com\/haber\/egitim\/okullarda-uyum-haftasi-yarin-basliyor-956021.html\" target=\"_blank\" rel=\"nofollow noopener\">Haberin devam\u0131n\u0131 \u00f6zg\u00fcn kayna\u011f\u0131nda oku<\/a><\/p>\n","protected":false},"excerpt":{"rendered":"<p>Okul \u00f6ncesi, ilkokul 1&#8217;inci s\u0131n\u0131f ve ortaokul 5&#8217;inci s\u0131n\u0131f \u00f6\u011frencilerine y\u00f6nelik &#8220;Okula Uyum Haftas\u0131&#8221; yar\u0131n ba\u015fl\u0131yor. MEB taraf\u0131ndan okul \u00f6ncesi, ilkokul 1&#8217;inci ve ortaokul 5&#8217;inci s\u0131n\u0131f \u00f6\u011frencileri i\u00e7in haz\u0131rlanan, rehberlik uygulamalar\u0131n\u0131 da i\u00e7eren program\u2026<\/p>\n","protected":false},"author":0,"featured_media":14625,"comment_status":"closed","ping_status":"closed","sticky":false,"template":"","format":"standard","meta":{"_yb_topic_hash":"df7144ab08d8e5a94a07d8f8d5b0451af2a321970c26f2a8b93d60c7b1bb7df7","_yb_image_repair_status":"","_yb_image_repair_last":"","_yb_image_repair_attempts":0,"_yb_source_trust_score":0,"footnotes":""},"categories":[157],"tags":[],"yb_news_series":[],"yb_language":[],"class_list":["post-14624","post","type-post","status-publish","format-standard","has-post-thumbnail","hentry","category-egitim"],"blocksy_meta":[],"_links":{"self":[{"href":"https:\/\/yurtbakisi.com\/index.php?rest_route=\/wp\/v2\/posts\/14624","targetHints":{"allow":["GET"]}}],"collection":[{"href":"https:\/\/yurtbakisi.com\/index.php?rest_route=\/wp\/v2\/posts"}],"about":[{"href":"https:\/\/yurtbakisi.com\/index.php?rest_route=\/wp\/v2\/types\/post"}],"replies":[{"embeddable":true,"href":"https:\/\/yurtbakisi.com\/index.php?rest_route=%2Fwp%2Fv2%2Fcomments&post=14624"}],"version-history":[{"count":1,"href":"https:\/\/yurtbakisi.com\/index.php?rest_route=\/wp\/v2\/posts\/14624\/revisions"}],"predecessor-version":[{"id":14626,"href":"https:\/\/yurtbakisi.com\/index.php?rest_route=\/wp\/v2\/posts\/14624\/revisions\/14626"}],"wp:featuredmedia":[{"embeddable":true,"href":"https:\/\/yurtbakisi.com\/index.php?rest_route=\/wp\/v2\/media\/14625"}],"wp:attachment":[{"href":"https:\/\/yurtbakisi.com\/index.php?rest_route=%2Fwp%2Fv2%2Fmedia&parent=14624"}],"wp:term":[{"taxonomy":"category","embeddable":true,"href":"https:\/\/yurtbakisi.com\/index.php?rest_route=%2Fwp%2Fv2%2Fcategories&post=14624"},{"taxonomy":"post_tag","embeddable":true,"href":"https:\/\/yurtbakisi.com\/index.php?rest_route=%2Fwp%2Fv2%2Ftags&post=14624"},{"taxonomy":"yb_news_series","embeddable":true,"href":"https:\/\/yurtbakisi.com\/index.php?rest_route=%2Fwp%2Fv2%2Fyb_news_series&post=14624"},{"taxonomy":"yb_language","embeddable":true,"href":"https:\/\/yurtbakisi.com\/index.php?rest_route=%2Fwp%2Fv2%2Fyb_language&post=14624"}],"curies":[{"name":"wp","href":"https:\/\/api.w.org\/{rel}","templated":true}]}}