{"id":14630,"date":"2026-09-06T15:04:41","date_gmt":"2026-09-06T12:04:41","guid":{"rendered":"https:\/\/yurtbakisi.com\/?p=14630"},"modified":"2026-09-06T15:04:49","modified_gmt":"2026-09-06T12:04:49","slug":"iranda-ekonomik-savas-karargahi-kuruldu","status":"publish","type":"post","link":"https:\/\/yurtbakisi.com\/?p=14630","title":{"rendered":"\u0130ran&#039;da Ekonomik Sava\u015f Karargah\u0131 kuruldu"},"content":{"rendered":"<p>\u0130ran Ekonomi Bakan Yard\u0131mc\u0131s\u0131 Murteza Zemaniyan, sava\u015f ko\u015fullar\u0131n\u0131n yol a\u00e7t\u0131\u011f\u0131 sorunlara h\u0131zl\u0131 \u00e7\u00f6z\u00fcm \u00fcretmek amac\u0131yla Ekonomi Bakanl\u0131\u011f\u0131 b\u00fcnyesinde &quot;Ekonomik Sava\u015f Karargah\u0131&quot; kuruldu\u011funu bildirdi.<\/p>\n<p><strong>Kaynak:<\/strong> TRT Haber \u2014 <a href=\"https:\/\/www.trthaber.com\/haber\/dunya\/iranda-ekonomik-savas-karargahi-kuruldu-956031.html\" target=\"_blank\" rel=\"nofollow noopener\">Haberin devam\u0131n\u0131 \u00f6zg\u00fcn kayna\u011f\u0131nda oku<\/a><\/p>\n","protected":false},"excerpt":{"rendered":"<p>\u0130ran Ekonomi Bakan Yard\u0131mc\u0131s\u0131 Murteza Zemaniyan, sava\u015f ko\u015fullar\u0131n\u0131n yol a\u00e7t\u0131\u011f\u0131 sorunlara h\u0131zl\u0131 \u00e7\u00f6z\u00fcm \u00fcretmek amac\u0131yla Ekonomi Bakanl\u0131\u011f\u0131 b\u00fcnyesinde &#8220;Ekonomik Sava\u015f Karargah\u0131&#8221; kuruldu\u011funu bildirdi.<\/p>\n","protected":false},"author":0,"featured_media":14631,"comment_status":"closed","ping_status":"closed","sticky":false,"template":"","format":"standard","meta":{"_yb_topic_hash":"0cc98c8414e91e6df1729851d58d8900f313352900804f9dc1d95d95542e694c","_yb_image_repair_status":"","_yb_image_repair_last":"","_yb_image_repair_attempts":0,"_yb_source_trust_score":0,"footnotes":""},"categories":[155],"tags":[107],"yb_news_series":[],"yb_language":[],"class_list":["post-14630","post","type-post","status-publish","format-standard","has-post-thumbnail","hentry","category-dunya","tag-cemiyet"],"blocksy_meta":[],"_links":{"self":[{"href":"https:\/\/yurtbakisi.com\/index.php?rest_route=\/wp\/v2\/posts\/14630","targetHints":{"allow":["GET"]}}],"collection":[{"href":"https:\/\/yurtbakisi.com\/index.php?rest_route=\/wp\/v2\/posts"}],"about":[{"href":"https:\/\/yurtbakisi.com\/index.php?rest_route=\/wp\/v2\/types\/post"}],"replies":[{"embeddable":true,"href":"https:\/\/yurtbakisi.com\/index.php?rest_route=%2Fwp%2Fv2%2Fcomments&post=14630"}],"version-history":[{"count":1,"href":"https:\/\/yurtbakisi.com\/index.php?rest_route=\/wp\/v2\/posts\/14630\/revisions"}],"predecessor-version":[{"id":14632,"href":"https:\/\/yurtbakisi.com\/index.php?rest_route=\/wp\/v2\/posts\/14630\/revisions\/14632"}],"wp:featuredmedia":[{"embeddable":true,"href":"https:\/\/yurtbakisi.com\/index.php?rest_route=\/wp\/v2\/media\/14631"}],"wp:attachment":[{"href":"https:\/\/yurtbakisi.com\/index.php?rest_route=%2Fwp%2Fv2%2Fmedia&parent=14630"}],"wp:term":[{"taxonomy":"category","embeddable":true,"href":"https:\/\/yurtbakisi.com\/index.php?rest_route=%2Fwp%2Fv2%2Fcategories&post=14630"},{"taxonomy":"post_tag","embeddable":true,"href":"https:\/\/yurtbakisi.com\/index.php?rest_route=%2Fwp%2Fv2%2Ftags&post=14630"},{"taxonomy":"yb_news_series","embeddable":true,"href":"https:\/\/yurtbakisi.com\/index.php?rest_route=%2Fwp%2Fv2%2Fyb_news_series&post=14630"},{"taxonomy":"yb_language","embeddable":true,"href":"https:\/\/yurtbakisi.com\/index.php?rest_route=%2Fwp%2Fv2%2Fyb_language&post=14630"}],"curies":[{"name":"wp","href":"https:\/\/api.w.org\/{rel}","templated":true}]}}