{"id":14633,"date":"2026-09-06T15:04:55","date_gmt":"2026-09-06T12:04:55","guid":{"rendered":"https:\/\/yurtbakisi.com\/?p=14633"},"modified":"2026-09-06T15:05:02","modified_gmt":"2026-09-06T12:05:02","slug":"ankarada-bazi-yollar-trafige-kapatilacak","status":"publish","type":"post","link":"https:\/\/yurtbakisi.com\/?p=14633","title":{"rendered":"Ankara&#039;da baz\u0131 yollar trafi\u011fe kapat\u0131lacak"},"content":{"rendered":"<p>Ankara Emniyet M\u00fcd\u00fcrl\u00fc\u011f\u00fc, kentte baz\u0131 yollar\u0131n ara\u00e7 trafi\u011fine kapat\u0131laca\u011f\u0131n\u0131 duyurdu.<\/p>\n<p><strong>Kaynak:<\/strong> TRT Haber \u2014 <a href=\"https:\/\/www.trthaber.com\/haber\/turkiye\/ankarada-bazi-yollar-trafige-kapatilacak-956023.html\" target=\"_blank\" rel=\"nofollow noopener\">Haberin devam\u0131n\u0131 \u00f6zg\u00fcn kayna\u011f\u0131nda oku<\/a><\/p>\n","protected":false},"excerpt":{"rendered":"<p>Ankara Emniyet M\u00fcd\u00fcrl\u00fc\u011f\u00fc, kentte baz\u0131 yollar\u0131n ara\u00e7 trafi\u011fine kapat\u0131laca\u011f\u0131n\u0131 duyurdu.<\/p>\n","protected":false},"author":0,"featured_media":14634,"comment_status":"closed","ping_status":"closed","sticky":false,"template":"","format":"standard","meta":{"_yb_topic_hash":"b469802753bfae91c2194e7e5dfca366bba59a15e796e834cef21fcfa4cd6c51","_yb_image_repair_status":"","_yb_image_repair_last":"","_yb_image_repair_attempts":0,"_yb_source_trust_score":0,"footnotes":""},"categories":[153],"tags":[],"yb_news_series":[],"yb_language":[],"class_list":["post-14633","post","type-post","status-publish","format-standard","has-post-thumbnail","hentry","category-gundem"],"blocksy_meta":[],"_links":{"self":[{"href":"https:\/\/yurtbakisi.com\/index.php?rest_route=\/wp\/v2\/posts\/14633","targetHints":{"allow":["GET"]}}],"collection":[{"href":"https:\/\/yurtbakisi.com\/index.php?rest_route=\/wp\/v2\/posts"}],"about":[{"href":"https:\/\/yurtbakisi.com\/index.php?rest_route=\/wp\/v2\/types\/post"}],"replies":[{"embeddable":true,"href":"https:\/\/yurtbakisi.com\/index.php?rest_route=%2Fwp%2Fv2%2Fcomments&post=14633"}],"version-history":[{"count":1,"href":"https:\/\/yurtbakisi.com\/index.php?rest_route=\/wp\/v2\/posts\/14633\/revisions"}],"predecessor-version":[{"id":14635,"href":"https:\/\/yurtbakisi.com\/index.php?rest_route=\/wp\/v2\/posts\/14633\/revisions\/14635"}],"wp:featuredmedia":[{"embeddable":true,"href":"https:\/\/yurtbakisi.com\/index.php?rest_route=\/wp\/v2\/media\/14634"}],"wp:attachment":[{"href":"https:\/\/yurtbakisi.com\/index.php?rest_route=%2Fwp%2Fv2%2Fmedia&parent=14633"}],"wp:term":[{"taxonomy":"category","embeddable":true,"href":"https:\/\/yurtbakisi.com\/index.php?rest_route=%2Fwp%2Fv2%2Fcategories&post=14633"},{"taxonomy":"post_tag","embeddable":true,"href":"https:\/\/yurtbakisi.com\/index.php?rest_route=%2Fwp%2Fv2%2Ftags&post=14633"},{"taxonomy":"yb_news_series","embeddable":true,"href":"https:\/\/yurtbakisi.com\/index.php?rest_route=%2Fwp%2Fv2%2Fyb_news_series&post=14633"},{"taxonomy":"yb_language","embeddable":true,"href":"https:\/\/yurtbakisi.com\/index.php?rest_route=%2Fwp%2Fv2%2Fyb_language&post=14633"}],"curies":[{"name":"wp","href":"https:\/\/api.w.org\/{rel}","templated":true}]}}