{"id":14657,"date":"2026-09-06T19:01:26","date_gmt":"2026-09-06T16:01:26","guid":{"rendered":"https:\/\/yurtbakisi.com\/?p=14657"},"modified":"2026-09-06T19:01:34","modified_gmt":"2026-09-06T16:01:34","slug":"bakan-memisoglu-15-milyondan-fazla-vatandasimiza-ucretsiz-ilac-destegi-sagladik","status":"publish","type":"post","link":"https:\/\/yurtbakisi.com\/?p=14657","title":{"rendered":"Bakan Memi\u015fo\u011flu: 1,5 milyondan fazla vatanda\u015f\u0131m\u0131za \u00fccretsiz ila\u00e7 deste\u011fi sa\u011flad\u0131k"},"content":{"rendered":"<p>Sa\u011fl\u0131k Bakan\u0131 Kemal Memi\u015fo\u011flu, t\u00fct\u00fcn kullan\u0131m\u0131n\u0131 b\u0131rakmak isteyen 1,5 milyondan fazla vatanda\u015fa \u00fccretsiz ila\u00e7 deste\u011fi sa\u011flad\u0131klar\u0131n\u0131 a\u00e7\u0131klad\u0131.<\/p>\n<p><strong>Kaynak:<\/strong> TRT Haber \u2014 <a href=\"https:\/\/www.trthaber.com\/haber\/saglik\/bakan-memisoglu-15-milyondan-fazla-vatandasimiza-ucretsiz-ilac-destegi-sagladik-956050.html\" target=\"_blank\" rel=\"nofollow noopener\">Haberin devam\u0131n\u0131 \u00f6zg\u00fcn kayna\u011f\u0131nda oku<\/a><\/p>\n","protected":false},"excerpt":{"rendered":"<p>Sa\u011fl\u0131k Bakan\u0131 Kemal Memi\u015fo\u011flu, t\u00fct\u00fcn kullan\u0131m\u0131n\u0131 b\u0131rakmak isteyen 1,5 milyondan fazla vatanda\u015fa \u00fccretsiz ila\u00e7 deste\u011fi sa\u011flad\u0131klar\u0131n\u0131 a\u00e7\u0131klad\u0131.<\/p>\n","protected":false},"author":0,"featured_media":14658,"comment_status":"closed","ping_status":"closed","sticky":false,"template":"","format":"standard","meta":{"_yb_topic_hash":"03b2543054651e1a0864cd7b84101574ae0da315f81003e45a6fa46cfa54a878","_yb_image_repair_status":"","_yb_image_repair_last":"","_yb_image_repair_attempts":0,"_yb_source_trust_score":0,"footnotes":""},"categories":[12],"tags":[112],"yb_news_series":[],"yb_language":[],"class_list":["post-14657","post","type-post","status-publish","format-standard","has-post-thumbnail","hentry","category-saglik","tag-saglik"],"blocksy_meta":[],"_links":{"self":[{"href":"https:\/\/yurtbakisi.com\/index.php?rest_route=\/wp\/v2\/posts\/14657","targetHints":{"allow":["GET"]}}],"collection":[{"href":"https:\/\/yurtbakisi.com\/index.php?rest_route=\/wp\/v2\/posts"}],"about":[{"href":"https:\/\/yurtbakisi.com\/index.php?rest_route=\/wp\/v2\/types\/post"}],"replies":[{"embeddable":true,"href":"https:\/\/yurtbakisi.com\/index.php?rest_route=%2Fwp%2Fv2%2Fcomments&post=14657"}],"version-history":[{"count":1,"href":"https:\/\/yurtbakisi.com\/index.php?rest_route=\/wp\/v2\/posts\/14657\/revisions"}],"predecessor-version":[{"id":14659,"href":"https:\/\/yurtbakisi.com\/index.php?rest_route=\/wp\/v2\/posts\/14657\/revisions\/14659"}],"wp:featuredmedia":[{"embeddable":true,"href":"https:\/\/yurtbakisi.com\/index.php?rest_route=\/wp\/v2\/media\/14658"}],"wp:attachment":[{"href":"https:\/\/yurtbakisi.com\/index.php?rest_route=%2Fwp%2Fv2%2Fmedia&parent=14657"}],"wp:term":[{"taxonomy":"category","embeddable":true,"href":"https:\/\/yurtbakisi.com\/index.php?rest_route=%2Fwp%2Fv2%2Fcategories&post=14657"},{"taxonomy":"post_tag","embeddable":true,"href":"https:\/\/yurtbakisi.com\/index.php?rest_route=%2Fwp%2Fv2%2Ftags&post=14657"},{"taxonomy":"yb_news_series","embeddable":true,"href":"https:\/\/yurtbakisi.com\/index.php?rest_route=%2Fwp%2Fv2%2Fyb_news_series&post=14657"},{"taxonomy":"yb_language","embeddable":true,"href":"https:\/\/yurtbakisi.com\/index.php?rest_route=%2Fwp%2Fv2%2Fyb_language&post=14657"}],"curies":[{"name":"wp","href":"https:\/\/api.w.org\/{rel}","templated":true}]}}