{"id":14660,"date":"2026-09-06T20:02:23","date_gmt":"2026-09-06T17:02:23","guid":{"rendered":"https:\/\/yurtbakisi.com\/?p=14660"},"modified":"2026-09-06T20:02:30","modified_gmt":"2026-09-06T17:02:30","slug":"nefes-darligi-yasayan-hastanin-akcigerinden-sarimsak-cikti","status":"publish","type":"post","link":"https:\/\/yurtbakisi.com\/?p=14660","title":{"rendered":"Nefes darl\u0131\u011f\u0131 ya\u015fayan hastan\u0131n akci\u011ferinden sar\u0131msak \u00e7\u0131kt\u0131"},"content":{"rendered":"<p>Afyonkarahisar&#039;da nefes darl\u0131\u011f\u0131 ve \u00f6ks\u00fcr\u00fck \u015fikayetiyle hastaneye ba\u015fvuran ki\u015finin akci\u011ferindeki kitle san\u0131lan cismin, 6 ay \u00f6nce soluk borusundan akci\u011ferine ka\u00e7an sar\u0131msak oldu\u011fu ortaya \u00e7\u0131kt\u0131.<\/p>\n<p><strong>Kaynak:<\/strong> TRT Haber \u2014 <a href=\"https:\/\/www.trthaber.com\/haber\/saglik\/nefes-darligi-yasayan-hastanin-akcigerinden-sarimsak-cikti-956038.html\" target=\"_blank\" rel=\"nofollow noopener\">Haberin devam\u0131n\u0131 \u00f6zg\u00fcn kayna\u011f\u0131nda oku<\/a><\/p>\n","protected":false},"excerpt":{"rendered":"<p>Afyonkarahisar&#8217;da nefes darl\u0131\u011f\u0131 ve \u00f6ks\u00fcr\u00fck \u015fikayetiyle hastaneye ba\u015fvuran ki\u015finin akci\u011ferindeki kitle san\u0131lan cismin, 6 ay \u00f6nce soluk borusundan akci\u011ferine ka\u00e7an sar\u0131msak oldu\u011fu ortaya \u00e7\u0131kt\u0131.<\/p>\n","protected":false},"author":0,"featured_media":14661,"comment_status":"closed","ping_status":"closed","sticky":false,"template":"","format":"standard","meta":{"_yb_topic_hash":"abba6aa6e29bed79bacbf27c7276cb2f9ef3fab3bdc16e831e3e4203094ab2e5","_yb_image_repair_status":"","_yb_image_repair_last":"","_yb_image_repair_attempts":0,"_yb_source_trust_score":0,"footnotes":""},"categories":[12],"tags":[],"yb_news_series":[],"yb_language":[],"class_list":["post-14660","post","type-post","status-publish","format-standard","has-post-thumbnail","hentry","category-saglik"],"blocksy_meta":[],"_links":{"self":[{"href":"https:\/\/yurtbakisi.com\/index.php?rest_route=\/wp\/v2\/posts\/14660","targetHints":{"allow":["GET"]}}],"collection":[{"href":"https:\/\/yurtbakisi.com\/index.php?rest_route=\/wp\/v2\/posts"}],"about":[{"href":"https:\/\/yurtbakisi.com\/index.php?rest_route=\/wp\/v2\/types\/post"}],"replies":[{"embeddable":true,"href":"https:\/\/yurtbakisi.com\/index.php?rest_route=%2Fwp%2Fv2%2Fcomments&post=14660"}],"version-history":[{"count":1,"href":"https:\/\/yurtbakisi.com\/index.php?rest_route=\/wp\/v2\/posts\/14660\/revisions"}],"predecessor-version":[{"id":14662,"href":"https:\/\/yurtbakisi.com\/index.php?rest_route=\/wp\/v2\/posts\/14660\/revisions\/14662"}],"wp:featuredmedia":[{"embeddable":true,"href":"https:\/\/yurtbakisi.com\/index.php?rest_route=\/wp\/v2\/media\/14661"}],"wp:attachment":[{"href":"https:\/\/yurtbakisi.com\/index.php?rest_route=%2Fwp%2Fv2%2Fmedia&parent=14660"}],"wp:term":[{"taxonomy":"category","embeddable":true,"href":"https:\/\/yurtbakisi.com\/index.php?rest_route=%2Fwp%2Fv2%2Fcategories&post=14660"},{"taxonomy":"post_tag","embeddable":true,"href":"https:\/\/yurtbakisi.com\/index.php?rest_route=%2Fwp%2Fv2%2Ftags&post=14660"},{"taxonomy":"yb_news_series","embeddable":true,"href":"https:\/\/yurtbakisi.com\/index.php?rest_route=%2Fwp%2Fv2%2Fyb_news_series&post=14660"},{"taxonomy":"yb_language","embeddable":true,"href":"https:\/\/yurtbakisi.com\/index.php?rest_route=%2Fwp%2Fv2%2Fyb_language&post=14660"}],"curies":[{"name":"wp","href":"https:\/\/api.w.org\/{rel}","templated":true}]}}