{"id":1651,"date":"2026-08-06T11:22:00","date_gmt":"2026-08-06T08:22:00","guid":{"rendered":"https:\/\/yurtbakisi.com\/?p=1651"},"modified":"2026-08-06T11:22:00","modified_gmt":"2026-08-06T08:22:00","slug":"shakiranin-degismeyen-goruntusu-gundem-oldu-posta","status":"publish","type":"post","link":"https:\/\/yurtbakisi.com\/?p=1651","title":{"rendered":"Shakira&#8217;n\u0131n de\u011fi\u015fmeyen g\u00f6r\u00fcnt\u00fcs\u00fc g\u00fcndem oldu &#8211; Posta"},"content":{"rendered":"<div class=\"yb-imported-news-note\">\n<p>Shakira&#039;n\u0131n de\u011fi\u015fmeyen g\u00f6r\u00fcnt\u00fcs\u00fc g\u00fcndem oldu Posta<\/p>\n<p><strong>Kaynak:<\/strong> Canl\u0131 Ak\u0131\u015f \u2014 Magazin \u2014 Ayr\u0131nt\u0131lar ve tam i\u00e7erik i\u00e7in <a href=\"https:\/\/news.google.com\/rss\/articles\/CBMiiwFBVV95cUxPVURUS3lXVXBYeXo3bE5nUU84c0Izbk93c0hiNVlnS0RoblZOR1pVUkRNYzl1dkRaeFRkT2tUa29WRU4wbG9RenkwWk5lS244ZlBNODNuVmx4c3JQdldQYmxFWXQ2djZDblNKS2VxRjM4T01YLVhFTFhvY1cxNmdZWWVOb2JUczlqbE0w?oc=5\" target=\"_blank\" rel=\"nofollow noopener noreferrer\">\u00f6zg\u00fcn haberi a\u00e7\u0131n<\/a>.<\/p>\n<p><small>Bu kay\u0131t RSS haber havuzuna k\u0131sa kaynak \u00f6zeti olarak al\u0131nm\u0131\u015ft\u0131r; \u00f6zg\u00fcn metnin tamam\u0131 kopyalanmam\u0131\u015ft\u0131r.<\/small><\/p>\n<\/div>\n","protected":false},"excerpt":{"rendered":"<p>Shakira&#8217;n\u0131n de\u011fi\u015fmeyen g\u00f6r\u00fcnt\u00fcs\u00fc g\u00fcndem oldu Posta<\/p>\n","protected":false},"author":1,"featured_media":1652,"comment_status":"open","ping_status":"open","sticky":false,"template":"","format":"standard","meta":{"_yb_topic_hash":"e6247485670722ea33f402283e5260227cfcf9eaf3b555865f31e2a658ed2ed2","_yb_image_repair_status":"","_yb_image_repair_last":"","_yb_image_repair_attempts":0,"_yb_source_trust_score":93,"footnotes":""},"categories":[66,15,8,73],"tags":[108],"yb_news_series":[],"yb_language":[],"class_list":["post-1651","post","type-post","status-publish","format-standard","has-post-thumbnail","hentry","category-cemiyet-sosyal","category-magazin","category-sosyal-medya","category-viral","tag-canli-akis-magazin"],"blocksy_meta":[],"_links":{"self":[{"href":"https:\/\/yurtbakisi.com\/index.php?rest_route=\/wp\/v2\/posts\/1651","targetHints":{"allow":["GET"]}}],"collection":[{"href":"https:\/\/yurtbakisi.com\/index.php?rest_route=\/wp\/v2\/posts"}],"about":[{"href":"https:\/\/yurtbakisi.com\/index.php?rest_route=\/wp\/v2\/types\/post"}],"author":[{"embeddable":true,"href":"https:\/\/yurtbakisi.com\/index.php?rest_route=\/wp\/v2\/users\/1"}],"replies":[{"embeddable":true,"href":"https:\/\/yurtbakisi.com\/index.php?rest_route=%2Fwp%2Fv2%2Fcomments&post=1651"}],"version-history":[{"count":0,"href":"https:\/\/yurtbakisi.com\/index.php?rest_route=\/wp\/v2\/posts\/1651\/revisions"}],"wp:featuredmedia":[{"embeddable":true,"href":"https:\/\/yurtbakisi.com\/index.php?rest_route=\/wp\/v2\/media\/1652"}],"wp:attachment":[{"href":"https:\/\/yurtbakisi.com\/index.php?rest_route=%2Fwp%2Fv2%2Fmedia&parent=1651"}],"wp:term":[{"taxonomy":"category","embeddable":true,"href":"https:\/\/yurtbakisi.com\/index.php?rest_route=%2Fwp%2Fv2%2Fcategories&post=1651"},{"taxonomy":"post_tag","embeddable":true,"href":"https:\/\/yurtbakisi.com\/index.php?rest_route=%2Fwp%2Fv2%2Ftags&post=1651"},{"taxonomy":"yb_news_series","embeddable":true,"href":"https:\/\/yurtbakisi.com\/index.php?rest_route=%2Fwp%2Fv2%2Fyb_news_series&post=1651"},{"taxonomy":"yb_language","embeddable":true,"href":"https:\/\/yurtbakisi.com\/index.php?rest_route=%2Fwp%2Fv2%2Fyb_language&post=1651"}],"curies":[{"name":"wp","href":"https:\/\/api.w.org\/{rel}","templated":true}]}}