{"id":2937,"date":"2026-08-13T07:37:00","date_gmt":"2026-08-13T04:37:00","guid":{"rendered":"https:\/\/yurtbakisi.com\/?p=2937"},"modified":"2026-08-13T07:37:00","modified_gmt":"2026-08-13T04:37:00","slug":"asli-bekiroglu-dokuzuncu-kez-ameliyat-olacak-doktorlar-operasyon-oncesi-uyardi-posta-com-tr","status":"publish","type":"post","link":"https:\/\/yurtbakisi.com\/?p=2937","title":{"rendered":"Asl\u0131 Bekiro\u011flu dokuzuncu kez ameliyat olacak! Doktorlar operasyon \u00f6ncesi uyard\u0131 &#8211; posta.com.tr"},"content":{"rendered":"<div class=\"yb-imported-news-note\">\n<p>Asl\u0131 Bekiro\u011flu dokuzuncu kez ameliyat olacak! Doktorlar operasyon \u00f6ncesi uyard\u0131 posta.com.tr<\/p>\n<p><strong>Kaynak:<\/strong> Canl\u0131 Ak\u0131\u015f \u2014 Magazin \u2014 Ayr\u0131nt\u0131lar ve tam i\u00e7erik i\u00e7in <a href=\"https:\/\/news.google.com\/rss\/articles\/CBMiugFBVV95cUxPd05yREZoS25Vd3ZUS3IxeGd6S3MyMzkwMEFUQmpIYWdJWUNEWldtdnl2M2VXM3dnMF8wYzljNFlJcndJOENKQjR3SjZ1VEN0ZE9CcklCa3Z5N0I1eUp3RTZ5bUpMcTNaeXhZejdiTDhGSkg5aVpNRzNuLUVkMlNCRGdTR2tWeEh4a0VCazQ1TGZONFV1eVQwbEs2eEVlR0w5akU5WnlLdG9TOGo0YmlHTUY3REdYV3g2aWc?oc=5\" target=\"_blank\" rel=\"nofollow noopener noreferrer\">\u00f6zg\u00fcn haberi a\u00e7\u0131n<\/a>.<\/p>\n<p><small>Bu kay\u0131t RSS haber havuzuna k\u0131sa kaynak \u00f6zeti olarak al\u0131nm\u0131\u015ft\u0131r; \u00f6zg\u00fcn metnin tamam\u0131 kopyalanmam\u0131\u015ft\u0131r.<\/small><\/p>\n<\/div>\n","protected":false},"excerpt":{"rendered":"<p>Asl\u0131 Bekiro\u011flu dokuzuncu kez ameliyat olacak! Doktorlar operasyon \u00f6ncesi uyard\u0131 posta.com.tr<\/p>\n","protected":false},"author":1,"featured_media":2939,"comment_status":"open","ping_status":"open","sticky":false,"template":"","format":"standard","meta":{"_yb_topic_hash":"43c913a9ad75ad0e5371234a8044b9c2072f135db2a1d2f804709eeced2a5de8","_yb_image_repair_status":"","_yb_image_repair_last":"","_yb_image_repair_attempts":0,"_yb_source_trust_score":93,"footnotes":""},"categories":[10,78,15,84],"tags":[108,111],"yb_news_series":[],"yb_language":[],"class_list":["post-2937","post","type-post","status-publish","format-standard","has-post-thumbnail","hentry","category-kultur-sanat","category-kultur-yasam","category-magazin","category-opera-bale","tag-canli-akis-magazin","tag-kultur-sanat"],"blocksy_meta":[],"_links":{"self":[{"href":"https:\/\/yurtbakisi.com\/index.php?rest_route=\/wp\/v2\/posts\/2937","targetHints":{"allow":["GET"]}}],"collection":[{"href":"https:\/\/yurtbakisi.com\/index.php?rest_route=\/wp\/v2\/posts"}],"about":[{"href":"https:\/\/yurtbakisi.com\/index.php?rest_route=\/wp\/v2\/types\/post"}],"author":[{"embeddable":true,"href":"https:\/\/yurtbakisi.com\/index.php?rest_route=\/wp\/v2\/users\/1"}],"replies":[{"embeddable":true,"href":"https:\/\/yurtbakisi.com\/index.php?rest_route=%2Fwp%2Fv2%2Fcomments&post=2937"}],"version-history":[{"count":0,"href":"https:\/\/yurtbakisi.com\/index.php?rest_route=\/wp\/v2\/posts\/2937\/revisions"}],"wp:featuredmedia":[{"embeddable":true,"href":"https:\/\/yurtbakisi.com\/index.php?rest_route=\/wp\/v2\/media\/2939"}],"wp:attachment":[{"href":"https:\/\/yurtbakisi.com\/index.php?rest_route=%2Fwp%2Fv2%2Fmedia&parent=2937"}],"wp:term":[{"taxonomy":"category","embeddable":true,"href":"https:\/\/yurtbakisi.com\/index.php?rest_route=%2Fwp%2Fv2%2Fcategories&post=2937"},{"taxonomy":"post_tag","embeddable":true,"href":"https:\/\/yurtbakisi.com\/index.php?rest_route=%2Fwp%2Fv2%2Ftags&post=2937"},{"taxonomy":"yb_news_series","embeddable":true,"href":"https:\/\/yurtbakisi.com\/index.php?rest_route=%2Fwp%2Fv2%2Fyb_news_series&post=2937"},{"taxonomy":"yb_language","embeddable":true,"href":"https:\/\/yurtbakisi.com\/index.php?rest_route=%2Fwp%2Fv2%2Fyb_language&post=2937"}],"curies":[{"name":"wp","href":"https:\/\/api.w.org\/{rel}","templated":true}]}}