{"id":2978,"date":"2026-08-13T11:27:43","date_gmt":"2026-08-13T08:27:43","guid":{"rendered":"https:\/\/yurtbakisi.com\/?p=2978"},"modified":"2026-08-13T11:27:43","modified_gmt":"2026-08-13T08:27:43","slug":"45-yasindaki-super-modelden-surpriz-karar-sonsuza-dek-evet-dedi-sosyal-medya-calkalandi-sabah","status":"publish","type":"post","link":"https:\/\/yurtbakisi.com\/?p=2978","title":{"rendered":"45 ya\u015f\u0131ndaki s\u00fcper modelden s\u00fcrpriz karar! Sonsuza dek evet dedi, sosyal medya \u00e7alkaland\u0131&#8230; &#8211; Sabah"},"content":{"rendered":"<div class=\"yb-imported-news-note\">\n<p>45 ya\u015f\u0131ndaki s\u00fcper modelden s\u00fcrpriz karar! Sonsuza dek evet dedi, sosyal medya \u00e7alkaland\u0131&#8230; Sabah<\/p>\n<p><strong>Kaynak:<\/strong> Canl\u0131 Ak\u0131\u015f \u2014 Magazin \u2014 Ayr\u0131nt\u0131lar ve tam i\u00e7erik i\u00e7in <a href=\"https:\/\/news.google.com\/rss\/articles\/CBMizgFBVV95cUxPcW1ScU54RFdURFBZb21sektmTnRkVzFHMExfU3A4SEczZUhualVGYmdSaXZfRms1d1k1aWo5REJfM3Q5dnpmb05wQTRqVHUxQVFqU0pQQ3pOdHVma2xOOVJ6Y3lSUmhuVDhlWGV3Vm9jOTFrVWdzd0tadUpxeDN2UUQ4a29fc3NTOUFCVWNqb0gzaFBad3JxWWx1N0NVdmt5NXlpNGhGQzJVVkJoUWdHQ1hJZkVrcmJXeGZyaWo4Y3laXy13YURrRUE4bndHZw?oc=5\" target=\"_blank\" rel=\"nofollow noopener noreferrer\">\u00f6zg\u00fcn haberi a\u00e7\u0131n<\/a>.<\/p>\n<p><small>Bu kay\u0131t RSS haber havuzuna k\u0131sa kaynak \u00f6zeti olarak al\u0131nm\u0131\u015ft\u0131r; \u00f6zg\u00fcn metnin tamam\u0131 kopyalanmam\u0131\u015ft\u0131r.<\/small><\/p>\n<\/div>\n","protected":false},"excerpt":{"rendered":"<p>45 ya\u015f\u0131ndaki s\u00fcper modelden s\u00fcrpriz karar! Sonsuza dek evet dedi, sosyal medya \u00e7alkaland\u0131&#8230; Sabah<\/p>\n","protected":false},"author":1,"featured_media":2980,"comment_status":"open","ping_status":"open","sticky":false,"template":"","format":"standard","meta":{"_yb_topic_hash":"5687508b412e5bc3ab4ebe0141a77c0d3b5e34d4b3c98bb90f1661269298f90f","_yb_image_repair_status":"","_yb_image_repair_last":"","_yb_image_repair_attempts":0,"_yb_source_trust_score":93,"footnotes":""},"categories":[66,15,8,75],"tags":[108,117,110],"yb_news_series":[],"yb_language":[],"class_list":["post-2978","post","type-post","status-publish","format-standard","has-post-thumbnail","hentry","category-cemiyet-sosyal","category-magazin","category-sosyal-medya","category-sosyal-medya-trendleri","tag-canli-akis-magazin","tag-sosyal-medya","tag-unluler"],"blocksy_meta":[],"_links":{"self":[{"href":"https:\/\/yurtbakisi.com\/index.php?rest_route=\/wp\/v2\/posts\/2978","targetHints":{"allow":["GET"]}}],"collection":[{"href":"https:\/\/yurtbakisi.com\/index.php?rest_route=\/wp\/v2\/posts"}],"about":[{"href":"https:\/\/yurtbakisi.com\/index.php?rest_route=\/wp\/v2\/types\/post"}],"author":[{"embeddable":true,"href":"https:\/\/yurtbakisi.com\/index.php?rest_route=\/wp\/v2\/users\/1"}],"replies":[{"embeddable":true,"href":"https:\/\/yurtbakisi.com\/index.php?rest_route=%2Fwp%2Fv2%2Fcomments&post=2978"}],"version-history":[{"count":0,"href":"https:\/\/yurtbakisi.com\/index.php?rest_route=\/wp\/v2\/posts\/2978\/revisions"}],"wp:featuredmedia":[{"embeddable":true,"href":"https:\/\/yurtbakisi.com\/index.php?rest_route=\/wp\/v2\/media\/2980"}],"wp:attachment":[{"href":"https:\/\/yurtbakisi.com\/index.php?rest_route=%2Fwp%2Fv2%2Fmedia&parent=2978"}],"wp:term":[{"taxonomy":"category","embeddable":true,"href":"https:\/\/yurtbakisi.com\/index.php?rest_route=%2Fwp%2Fv2%2Fcategories&post=2978"},{"taxonomy":"post_tag","embeddable":true,"href":"https:\/\/yurtbakisi.com\/index.php?rest_route=%2Fwp%2Fv2%2Ftags&post=2978"},{"taxonomy":"yb_news_series","embeddable":true,"href":"https:\/\/yurtbakisi.com\/index.php?rest_route=%2Fwp%2Fv2%2Fyb_news_series&post=2978"},{"taxonomy":"yb_language","embeddable":true,"href":"https:\/\/yurtbakisi.com\/index.php?rest_route=%2Fwp%2Fv2%2Fyb_language&post=2978"}],"curies":[{"name":"wp","href":"https:\/\/api.w.org\/{rel}","templated":true}]}}