{"id":3488,"date":"2026-08-16T05:03:12","date_gmt":"2026-08-16T02:03:12","guid":{"rendered":"https:\/\/yurtbakisi.com\/?p=3488"},"modified":"2026-08-16T05:03:13","modified_gmt":"2026-08-16T02:03:13","slug":"camlihemsin-tunelli-gecisi-pazartesi-hizmete-acilacak","status":"publish","type":"post","link":"https:\/\/yurtbakisi.com\/?p=3488","title":{"rendered":"\u00c7aml\u0131hem\u015fin T\u00fcnelli Ge\u00e7i\u015fi pazartesi hizmete a\u00e7\u0131lacak"},"content":{"rendered":"<p>Ula\u015ft\u0131rma ve Altyap\u0131 Bakan\u0131 Abdulkadir Uralo\u011flu, Pazar-Arde\u015fen ayr\u0131m\u0131-\u00c7aml\u0131hem\u015fin-Ayder il yolu kapsam\u0131ndaki \u00c7aml\u0131hem\u015fin T\u00fcnelli Ge\u00e7i\u015fi&#039;nin 17 A\u011fustos Pazartesi g\u00fcn\u00fc hizmete a\u00e7\u0131laca\u011f\u0131n\u0131 duyurdu.<\/p>\n<p><strong>Kaynak:<\/strong> TRT Haber \u2014 <a href=\"https:\/\/www.trthaber.com\/haber\/gundem\/camlihemsin-tunelli-gecisi-pazartesi-hizmete-acilacak-954034.html\" target=\"_blank\" rel=\"nofollow noopener\">Haberin devam\u0131n\u0131 \u00f6zg\u00fcn kayna\u011f\u0131nda oku<\/a><\/p>\n","protected":false},"excerpt":{"rendered":"<p>Ula\u015ft\u0131rma ve Altyap\u0131 Bakan\u0131 Abdulkadir Uralo\u011flu, Pazar-Arde\u015fen ayr\u0131m\u0131-\u00c7aml\u0131hem\u015fin-Ayder il yolu kapsam\u0131ndaki \u00c7aml\u0131hem\u015fin T\u00fcnelli Ge\u00e7i\u015fi&#8217;nin 17 A\u011fustos Pazartesi g\u00fcn\u00fc hizmete a\u00e7\u0131laca\u011f\u0131n\u0131 duyurdu.<\/p>\n","protected":false},"author":0,"featured_media":3489,"comment_status":"closed","ping_status":"open","sticky":false,"template":"","format":"standard","meta":{"_yb_topic_hash":"ecbdc6a4adfecc34f2a929f2a7d8ae326eac648974add77d84d9292c343639fd","_yb_image_repair_status":"","_yb_image_repair_last":"","_yb_image_repair_attempts":0,"_yb_source_trust_score":0,"footnotes":""},"categories":[153],"tags":[],"yb_news_series":[],"yb_language":[],"class_list":["post-3488","post","type-post","status-publish","format-standard","has-post-thumbnail","hentry","category-gundem"],"blocksy_meta":[],"_links":{"self":[{"href":"https:\/\/yurtbakisi.com\/index.php?rest_route=\/wp\/v2\/posts\/3488","targetHints":{"allow":["GET"]}}],"collection":[{"href":"https:\/\/yurtbakisi.com\/index.php?rest_route=\/wp\/v2\/posts"}],"about":[{"href":"https:\/\/yurtbakisi.com\/index.php?rest_route=\/wp\/v2\/types\/post"}],"replies":[{"embeddable":true,"href":"https:\/\/yurtbakisi.com\/index.php?rest_route=%2Fwp%2Fv2%2Fcomments&post=3488"}],"version-history":[{"count":1,"href":"https:\/\/yurtbakisi.com\/index.php?rest_route=\/wp\/v2\/posts\/3488\/revisions"}],"predecessor-version":[{"id":3490,"href":"https:\/\/yurtbakisi.com\/index.php?rest_route=\/wp\/v2\/posts\/3488\/revisions\/3490"}],"wp:featuredmedia":[{"embeddable":true,"href":"https:\/\/yurtbakisi.com\/index.php?rest_route=\/wp\/v2\/media\/3489"}],"wp:attachment":[{"href":"https:\/\/yurtbakisi.com\/index.php?rest_route=%2Fwp%2Fv2%2Fmedia&parent=3488"}],"wp:term":[{"taxonomy":"category","embeddable":true,"href":"https:\/\/yurtbakisi.com\/index.php?rest_route=%2Fwp%2Fv2%2Fcategories&post=3488"},{"taxonomy":"post_tag","embeddable":true,"href":"https:\/\/yurtbakisi.com\/index.php?rest_route=%2Fwp%2Fv2%2Ftags&post=3488"},{"taxonomy":"yb_news_series","embeddable":true,"href":"https:\/\/yurtbakisi.com\/index.php?rest_route=%2Fwp%2Fv2%2Fyb_news_series&post=3488"},{"taxonomy":"yb_language","embeddable":true,"href":"https:\/\/yurtbakisi.com\/index.php?rest_route=%2Fwp%2Fv2%2Fyb_language&post=3488"}],"curies":[{"name":"wp","href":"https:\/\/api.w.org\/{rel}","templated":true}]}}