{"id":3860,"date":"2026-08-18T05:01:14","date_gmt":"2026-08-18T02:01:14","guid":{"rendered":"https:\/\/yurtbakisi.com\/?p=3860"},"modified":"2026-08-18T05:01:17","modified_gmt":"2026-08-18T02:01:17","slug":"bakan-fidan-iranli-mevkidasi-arakci-ile-gorustu","status":"publish","type":"post","link":"https:\/\/yurtbakisi.com\/?p=3860","title":{"rendered":"Bakan Fidan \u0130ranl\u0131 mevkida\u015f\u0131 Arak\u00e7i ile g\u00f6r\u00fc\u015ft\u00fc"},"content":{"rendered":"<p>D\u0131\u015fi\u015fleri Bakan\u0131 Hakan Fidan, \u0130ran D\u0131\u015fi\u015fleri Bakan\u0131 Abbas Arak\u00e7i ile bir telefon g\u00f6r\u00fc\u015fmesi ger\u00e7ekle\u015ftirdi. G\u00f6r\u00fc\u015fmede, H\u00fcrm\u00fcz Bo\u011faz\u0131&#039;n\u0131n a\u00e7\u0131lmas\u0131 ve ate\u015fkesin devam\u0131yla ilgili devam eden m\u00fczakerelerdeki son durum ele al\u0131nd\u0131.<\/p>\n<p><strong>Kaynak:<\/strong> TRT Haber \u2014 <a href=\"https:\/\/www.trthaber.com\/haber\/gundem\/bakan-fidan-iranli-mevkidasi-arakci-ile-gorustu-954178.html\" target=\"_blank\" rel=\"nofollow noopener\">Haberin devam\u0131n\u0131 \u00f6zg\u00fcn kayna\u011f\u0131nda oku<\/a><\/p>\n","protected":false},"excerpt":{"rendered":"<p>D\u0131\u015fi\u015fleri Bakan\u0131 Hakan Fidan, \u0130ran D\u0131\u015fi\u015fleri Bakan\u0131 Abbas Arak\u00e7i ile bir telefon g\u00f6r\u00fc\u015fmesi ger\u00e7ekle\u015ftirdi. G\u00f6r\u00fc\u015fmede, H\u00fcrm\u00fcz Bo\u011faz\u0131&#8217;n\u0131n a\u00e7\u0131lmas\u0131 ve ate\u015fkesin devam\u0131yla ilgili devam eden m\u00fczakerelerdeki son durum ele al\u0131nd\u0131.<\/p>\n","protected":false},"author":0,"featured_media":3861,"comment_status":"closed","ping_status":"open","sticky":false,"template":"","format":"standard","meta":{"_yb_topic_hash":"14597efc7f107cf8254d5cb6ca0deda418a7471f41cec97f711bfcb14778d81a","_yb_image_repair_status":"","_yb_image_repair_last":"","_yb_image_repair_attempts":0,"_yb_source_trust_score":0,"footnotes":""},"categories":[153],"tags":[],"yb_news_series":[],"yb_language":[],"class_list":["post-3860","post","type-post","status-publish","format-standard","has-post-thumbnail","hentry","category-gundem"],"blocksy_meta":[],"_links":{"self":[{"href":"https:\/\/yurtbakisi.com\/index.php?rest_route=\/wp\/v2\/posts\/3860","targetHints":{"allow":["GET"]}}],"collection":[{"href":"https:\/\/yurtbakisi.com\/index.php?rest_route=\/wp\/v2\/posts"}],"about":[{"href":"https:\/\/yurtbakisi.com\/index.php?rest_route=\/wp\/v2\/types\/post"}],"replies":[{"embeddable":true,"href":"https:\/\/yurtbakisi.com\/index.php?rest_route=%2Fwp%2Fv2%2Fcomments&post=3860"}],"version-history":[{"count":1,"href":"https:\/\/yurtbakisi.com\/index.php?rest_route=\/wp\/v2\/posts\/3860\/revisions"}],"predecessor-version":[{"id":3862,"href":"https:\/\/yurtbakisi.com\/index.php?rest_route=\/wp\/v2\/posts\/3860\/revisions\/3862"}],"wp:featuredmedia":[{"embeddable":true,"href":"https:\/\/yurtbakisi.com\/index.php?rest_route=\/wp\/v2\/media\/3861"}],"wp:attachment":[{"href":"https:\/\/yurtbakisi.com\/index.php?rest_route=%2Fwp%2Fv2%2Fmedia&parent=3860"}],"wp:term":[{"taxonomy":"category","embeddable":true,"href":"https:\/\/yurtbakisi.com\/index.php?rest_route=%2Fwp%2Fv2%2Fcategories&post=3860"},{"taxonomy":"post_tag","embeddable":true,"href":"https:\/\/yurtbakisi.com\/index.php?rest_route=%2Fwp%2Fv2%2Ftags&post=3860"},{"taxonomy":"yb_news_series","embeddable":true,"href":"https:\/\/yurtbakisi.com\/index.php?rest_route=%2Fwp%2Fv2%2Fyb_news_series&post=3860"},{"taxonomy":"yb_language","embeddable":true,"href":"https:\/\/yurtbakisi.com\/index.php?rest_route=%2Fwp%2Fv2%2Fyb_language&post=3860"}],"curies":[{"name":"wp","href":"https:\/\/api.w.org\/{rel}","templated":true}]}}