{"id":4781,"date":"2026-08-20T20:10:16","date_gmt":"2026-08-20T17:10:16","guid":{"rendered":"https:\/\/yurtbakisi.com\/?p=4781"},"modified":"2026-08-20T20:10:16","modified_gmt":"2026-08-20T17:10:16","slug":"evde-bakin-kimin-sozu-geciyor-ido-tatlises-ve-yasemin-sefkatliden-samimi-itiraf-galeri-trend-magazin-sabah","status":"publish","type":"post","link":"https:\/\/yurtbakisi.com\/?p=4781","title":{"rendered":"Evde bak\u0131n kimin s\u00f6z\u00fc ge\u00e7iyor! \u0130do Tatl\u0131ses ve Yasemin \u015eefkatli\u2019den samimi itiraf! &#8211; Galeri &#8211; Trend Magazin &#8211; Sabah"},"content":{"rendered":"<div class=\"yb-imported-news-note\">\n<p>Evde bak\u0131n kimin s\u00f6z\u00fc ge\u00e7iyor! \u0130do Tatl\u0131ses ve Yasemin \u015eefkatli\u2019den samimi itiraf! &#8211; Galeri &#8211; Trend Magazin Sabah<\/p>\n<p><strong>Kaynak:<\/strong> Canl\u0131 Ak\u0131\u015f \u2014 Magazin \u2014 Ayr\u0131nt\u0131lar ve tam i\u00e7erik i\u00e7in <a href=\"https:\/\/news.google.com\/rss\/articles\/CBMiwwFBVV95cUxNR0JKQUJZOUJIb0FnNFBvOG9saUoteWtFN1o3YkRVTnJlZzBqZFFGbmNfY01LY2gzNXlxTlJ2M0xWcDdJcHZTQy1xZHZQMjd0NkozS1M5aHMxbDBrZnNYRjl3WTBhSGxsLXR5c3BwOUwwSWUzMDBVa3NTd0JQSEpPM2tHMlhrTTZZUkpJd2FNV19CUHMyYVRadS03bTdtbWlsYklUeW5LRGdISTh2czV2YTg0N0tsSU9Rd1Vlb2pFam1sbVU?oc=5\" target=\"_blank\" rel=\"nofollow noopener noreferrer\">\u00f6zg\u00fcn haberi a\u00e7\u0131n<\/a>.<\/p>\n<p><small>Bu kay\u0131t RSS haber havuzuna k\u0131sa kaynak \u00f6zeti olarak al\u0131nm\u0131\u015ft\u0131r; \u00f6zg\u00fcn metnin tamam\u0131 kopyalanmam\u0131\u015ft\u0131r.<\/small><\/p>\n<\/div>\n","protected":false},"excerpt":{"rendered":"<p>Evde bak\u0131n kimin s\u00f6z\u00fc ge\u00e7iyor! \u0130do Tatl\u0131ses ve Yasemin \u015eefkatli\u2019den samimi itiraf! &#8211; Galeri &#8211; Trend Magazin Sabah<\/p>\n","protected":false},"author":1,"featured_media":0,"comment_status":"open","ping_status":"open","sticky":false,"template":"","format":"standard","meta":{"_yb_topic_hash":"f63a07bf0ed97de0bff154b132b66a7b8c481428a1505d13d152653e5fae0159","_yb_image_repair_status":"failed","_yb_image_repair_last":"2026-08-20 20:59:16","_yb_image_repair_attempts":1,"_yb_source_trust_score":93,"footnotes":""},"categories":[78,15,11,87],"tags":[108],"yb_news_series":[],"yb_language":[],"class_list":["post-4781","post","type-post","status-publish","format-standard","has-post-thumbnail","hentry","category-kultur-yasam","category-magazin","category-yasam","category-yeme-icme","tag-canli-akis-magazin"],"blocksy_meta":[],"_links":{"self":[{"href":"https:\/\/yurtbakisi.com\/index.php?rest_route=\/wp\/v2\/posts\/4781","targetHints":{"allow":["GET"]}}],"collection":[{"href":"https:\/\/yurtbakisi.com\/index.php?rest_route=\/wp\/v2\/posts"}],"about":[{"href":"https:\/\/yurtbakisi.com\/index.php?rest_route=\/wp\/v2\/types\/post"}],"author":[{"embeddable":true,"href":"https:\/\/yurtbakisi.com\/index.php?rest_route=\/wp\/v2\/users\/1"}],"replies":[{"embeddable":true,"href":"https:\/\/yurtbakisi.com\/index.php?rest_route=%2Fwp%2Fv2%2Fcomments&post=4781"}],"version-history":[{"count":0,"href":"https:\/\/yurtbakisi.com\/index.php?rest_route=\/wp\/v2\/posts\/4781\/revisions"}],"wp:attachment":[{"href":"https:\/\/yurtbakisi.com\/index.php?rest_route=%2Fwp%2Fv2%2Fmedia&parent=4781"}],"wp:term":[{"taxonomy":"category","embeddable":true,"href":"https:\/\/yurtbakisi.com\/index.php?rest_route=%2Fwp%2Fv2%2Fcategories&post=4781"},{"taxonomy":"post_tag","embeddable":true,"href":"https:\/\/yurtbakisi.com\/index.php?rest_route=%2Fwp%2Fv2%2Ftags&post=4781"},{"taxonomy":"yb_news_series","embeddable":true,"href":"https:\/\/yurtbakisi.com\/index.php?rest_route=%2Fwp%2Fv2%2Fyb_news_series&post=4781"},{"taxonomy":"yb_language","embeddable":true,"href":"https:\/\/yurtbakisi.com\/index.php?rest_route=%2Fwp%2Fv2%2Fyb_language&post=4781"}],"curies":[{"name":"wp","href":"https:\/\/api.w.org\/{rel}","templated":true}]}}