{"id":6137,"date":"2026-08-26T07:01:16","date_gmt":"2026-08-26T04:01:16","guid":{"rendered":"https:\/\/yurtbakisi.com\/?p=6137"},"modified":"2026-08-26T07:01:22","modified_gmt":"2026-08-26T04:01:22","slug":"erdogan-mebin-maziden-atiye-programi-ogrencilerini-kabul-etti","status":"publish","type":"post","link":"https:\/\/yurtbakisi.com\/?p=6137","title":{"rendered":"Erdo\u011fan, MEB&#039;in Maziden Atiye program\u0131 \u00f6\u011frencilerini kabul etti"},"content":{"rendered":"<p>Cumhurba\u015fkan\u0131 Recep Tayyip Erdo\u011fan, Milli E\u011fitim Bakanl\u0131\u011f\u0131nca (MEB) y\u00fcr\u00fct\u00fclen &quot;Maziden Atiye&quot; program\u0131 \u00f6\u011frencilerini Bitlis&#039;in Ahlat il\u00e7esinde kabul etti.<\/p>\n<p><strong>Kaynak:<\/strong> TRT Haber \u2014 <a href=\"https:\/\/www.trthaber.com\/haber\/gundem\/erdogan-mebin-maziden-atiye-programi-ogrencilerini-kabul-etti-954917.html\" target=\"_blank\" rel=\"nofollow noopener\">Haberin devam\u0131n\u0131 \u00f6zg\u00fcn kayna\u011f\u0131nda oku<\/a><\/p>\n","protected":false},"excerpt":{"rendered":"<p>Cumhurba\u015fkan\u0131 Recep Tayyip Erdo\u011fan, Milli E\u011fitim Bakanl\u0131\u011f\u0131nca (MEB) y\u00fcr\u00fct\u00fclen &#8220;Maziden Atiye&#8221; program\u0131 \u00f6\u011frencilerini Bitlis&#8217;in Ahlat il\u00e7esinde kabul etti.<\/p>\n","protected":false},"author":0,"featured_media":6138,"comment_status":"closed","ping_status":"closed","sticky":false,"template":"","format":"standard","meta":{"_yb_topic_hash":"e0d778ff2c42b836d5ae8358c8b664e409b34d0e42f671936d1234a4ef05498b","_yb_image_repair_status":"","_yb_image_repair_last":"","_yb_image_repair_attempts":0,"_yb_source_trust_score":0,"footnotes":""},"categories":[157,153],"tags":[],"yb_news_series":[],"yb_language":[],"class_list":["post-6137","post","type-post","status-publish","format-standard","has-post-thumbnail","hentry","category-egitim","category-gundem"],"blocksy_meta":[],"_links":{"self":[{"href":"https:\/\/yurtbakisi.com\/index.php?rest_route=\/wp\/v2\/posts\/6137","targetHints":{"allow":["GET"]}}],"collection":[{"href":"https:\/\/yurtbakisi.com\/index.php?rest_route=\/wp\/v2\/posts"}],"about":[{"href":"https:\/\/yurtbakisi.com\/index.php?rest_route=\/wp\/v2\/types\/post"}],"replies":[{"embeddable":true,"href":"https:\/\/yurtbakisi.com\/index.php?rest_route=%2Fwp%2Fv2%2Fcomments&post=6137"}],"version-history":[{"count":1,"href":"https:\/\/yurtbakisi.com\/index.php?rest_route=\/wp\/v2\/posts\/6137\/revisions"}],"predecessor-version":[{"id":6139,"href":"https:\/\/yurtbakisi.com\/index.php?rest_route=\/wp\/v2\/posts\/6137\/revisions\/6139"}],"wp:featuredmedia":[{"embeddable":true,"href":"https:\/\/yurtbakisi.com\/index.php?rest_route=\/wp\/v2\/media\/6138"}],"wp:attachment":[{"href":"https:\/\/yurtbakisi.com\/index.php?rest_route=%2Fwp%2Fv2%2Fmedia&parent=6137"}],"wp:term":[{"taxonomy":"category","embeddable":true,"href":"https:\/\/yurtbakisi.com\/index.php?rest_route=%2Fwp%2Fv2%2Fcategories&post=6137"},{"taxonomy":"post_tag","embeddable":true,"href":"https:\/\/yurtbakisi.com\/index.php?rest_route=%2Fwp%2Fv2%2Ftags&post=6137"},{"taxonomy":"yb_news_series","embeddable":true,"href":"https:\/\/yurtbakisi.com\/index.php?rest_route=%2Fwp%2Fv2%2Fyb_news_series&post=6137"},{"taxonomy":"yb_language","embeddable":true,"href":"https:\/\/yurtbakisi.com\/index.php?rest_route=%2Fwp%2Fv2%2Fyb_language&post=6137"}],"curies":[{"name":"wp","href":"https:\/\/api.w.org\/{rel}","templated":true}]}}