{"id":6925,"date":"2026-08-28T21:57:16","date_gmt":"2026-08-28T18:57:16","guid":{"rendered":"https:\/\/yurtbakisi.com\/?p=6925"},"modified":"2026-08-28T21:57:23","modified_gmt":"2026-08-28T18:57:23","slug":"nepaldeki-selde-hayatini-kaybedenlerin-sayisi-538e-cikti","status":"publish","type":"post","link":"https:\/\/yurtbakisi.com\/?p=6925","title":{"rendered":"Nepal&#039;deki selde hayat\u0131n\u0131 kaybedenlerin say\u0131s\u0131 538&#039;e \u00e7\u0131kt\u0131"},"content":{"rendered":"<p>Nepal&#039;in \u00c7in s\u0131n\u0131r\u0131na yak\u0131n Rasuwa b\u00f6lgesinde ve \u00e7evresinde meydana gelen selde ya\u015fam\u0131n\u0131 yitirenlerin say\u0131s\u0131n\u0131n 538&#039;e y\u00fckseldi\u011fi bildirildi.<\/p>\n<p><strong>Kaynak:<\/strong> TRT Haber \u2014 <a href=\"https:\/\/www.trthaber.com\/haber\/dunya\/nepaldeki-selde-hayatini-kaybedenlerin-sayisi-538e-cikti-955226.html\" target=\"_blank\" rel=\"nofollow noopener\">Haberin devam\u0131n\u0131 \u00f6zg\u00fcn kayna\u011f\u0131nda oku<\/a><\/p>\n","protected":false},"excerpt":{"rendered":"<p>Nepal&#8217;in \u00c7in s\u0131n\u0131r\u0131na yak\u0131n Rasuwa b\u00f6lgesinde ve \u00e7evresinde meydana gelen selde ya\u015fam\u0131n\u0131 yitirenlerin say\u0131s\u0131n\u0131n 538&#8217;e y\u00fckseldi\u011fi bildirildi.<\/p>\n","protected":false},"author":0,"featured_media":6926,"comment_status":"closed","ping_status":"closed","sticky":false,"template":"","format":"standard","meta":{"_yb_topic_hash":"857b6bb543124cdb7debfb9151393b4c14fa670c0468d16bae9040bc3aa4a720","_yb_image_repair_status":"","_yb_image_repair_last":"","_yb_image_repair_attempts":0,"_yb_source_trust_score":0,"footnotes":""},"categories":[155],"tags":[128],"yb_news_series":[],"yb_language":[],"class_list":["post-6925","post","type-post","status-publish","format-standard","has-post-thumbnail","hentry","category-dunya","tag-yasam"],"blocksy_meta":[],"_links":{"self":[{"href":"https:\/\/yurtbakisi.com\/index.php?rest_route=\/wp\/v2\/posts\/6925","targetHints":{"allow":["GET"]}}],"collection":[{"href":"https:\/\/yurtbakisi.com\/index.php?rest_route=\/wp\/v2\/posts"}],"about":[{"href":"https:\/\/yurtbakisi.com\/index.php?rest_route=\/wp\/v2\/types\/post"}],"replies":[{"embeddable":true,"href":"https:\/\/yurtbakisi.com\/index.php?rest_route=%2Fwp%2Fv2%2Fcomments&post=6925"}],"version-history":[{"count":1,"href":"https:\/\/yurtbakisi.com\/index.php?rest_route=\/wp\/v2\/posts\/6925\/revisions"}],"predecessor-version":[{"id":6927,"href":"https:\/\/yurtbakisi.com\/index.php?rest_route=\/wp\/v2\/posts\/6925\/revisions\/6927"}],"wp:featuredmedia":[{"embeddable":true,"href":"https:\/\/yurtbakisi.com\/index.php?rest_route=\/wp\/v2\/media\/6926"}],"wp:attachment":[{"href":"https:\/\/yurtbakisi.com\/index.php?rest_route=%2Fwp%2Fv2%2Fmedia&parent=6925"}],"wp:term":[{"taxonomy":"category","embeddable":true,"href":"https:\/\/yurtbakisi.com\/index.php?rest_route=%2Fwp%2Fv2%2Fcategories&post=6925"},{"taxonomy":"post_tag","embeddable":true,"href":"https:\/\/yurtbakisi.com\/index.php?rest_route=%2Fwp%2Fv2%2Ftags&post=6925"},{"taxonomy":"yb_news_series","embeddable":true,"href":"https:\/\/yurtbakisi.com\/index.php?rest_route=%2Fwp%2Fv2%2Fyb_news_series&post=6925"},{"taxonomy":"yb_language","embeddable":true,"href":"https:\/\/yurtbakisi.com\/index.php?rest_route=%2Fwp%2Fv2%2Fyb_language&post=6925"}],"curies":[{"name":"wp","href":"https:\/\/api.w.org\/{rel}","templated":true}]}}