{"id":6940,"date":"2026-08-28T22:01:40","date_gmt":"2026-08-28T19:01:40","guid":{"rendered":"https:\/\/yurtbakisi.com\/?p=6940"},"modified":"2026-08-28T22:01:46","modified_gmt":"2026-08-28T19:01:46","slug":"bakan-goktas-terorun-karsisinda-en-buyuk-gucumuz-aile","status":"publish","type":"post","link":"https:\/\/yurtbakisi.com\/?p=6940","title":{"rendered":"Bakan G\u00f6kta\u015f: Ter\u00f6r\u00fcn kar\u015f\u0131s\u0131nda en b\u00fcy\u00fck g\u00fcc\u00fcm\u00fcz aile"},"content":{"rendered":"<p>Aile ve Sosyal Hizmetler Bakan\u0131 Mahinur \u00d6zdemir G\u00f6kta\u015f, &quot;Ter\u00f6r\u00fcn kar\u015f\u0131s\u0131nda en b\u00fcy\u00fck g\u00fcc\u00fcm\u00fcz yine aile. Ter\u00f6r en \u00e7ok aileleri etkiliyor, yuvalar\u0131 y\u0131k\u0131yor. Bundan sonraki s\u00fcre\u00e7te g\u00fc\u00e7l\u00fc ailelerimizle g\u00fc\u00e7l\u00fc bir T\u00fcrkiye&#039;yi kurmaya devam edece\u011fiz&quot; dedi.<\/p>\n<p><strong>Kaynak:<\/strong> TRT Haber \u2014 <a href=\"https:\/\/www.trthaber.com\/haber\/gundem\/bakan-goktas-terorun-karsisinda-en-buyuk-gucumuz-aile-955230.html\" target=\"_blank\" rel=\"nofollow noopener\">Haberin devam\u0131n\u0131 \u00f6zg\u00fcn kayna\u011f\u0131nda oku<\/a><\/p>\n","protected":false},"excerpt":{"rendered":"<p>Aile ve Sosyal Hizmetler Bakan\u0131 Mahinur \u00d6zdemir G\u00f6kta\u015f, &#8220;Ter\u00f6r\u00fcn kar\u015f\u0131s\u0131nda en b\u00fcy\u00fck g\u00fcc\u00fcm\u00fcz yine aile. Ter\u00f6r en \u00e7ok aileleri etkiliyor, yuvalar\u0131 y\u0131k\u0131yor. Bundan sonraki s\u00fcre\u00e7te g\u00fc\u00e7l\u00fc ailelerimizle g\u00fc\u00e7l\u00fc bir T\u00fcrkiye&#8217;yi kurmaya devam edece\u011fiz&#8221; dedi.<\/p>\n","protected":false},"author":0,"featured_media":6941,"comment_status":"closed","ping_status":"closed","sticky":false,"template":"","format":"standard","meta":{"_yb_topic_hash":"1054d16f997b30179a06e8490bf2ed7085235c10aebbf6c5b27ba3816f8def04","_yb_image_repair_status":"","_yb_image_repair_last":"","_yb_image_repair_attempts":0,"_yb_source_trust_score":0,"footnotes":""},"categories":[153],"tags":[],"yb_news_series":[],"yb_language":[],"class_list":["post-6940","post","type-post","status-publish","format-standard","has-post-thumbnail","hentry","category-gundem"],"blocksy_meta":[],"_links":{"self":[{"href":"https:\/\/yurtbakisi.com\/index.php?rest_route=\/wp\/v2\/posts\/6940","targetHints":{"allow":["GET"]}}],"collection":[{"href":"https:\/\/yurtbakisi.com\/index.php?rest_route=\/wp\/v2\/posts"}],"about":[{"href":"https:\/\/yurtbakisi.com\/index.php?rest_route=\/wp\/v2\/types\/post"}],"replies":[{"embeddable":true,"href":"https:\/\/yurtbakisi.com\/index.php?rest_route=%2Fwp%2Fv2%2Fcomments&post=6940"}],"version-history":[{"count":1,"href":"https:\/\/yurtbakisi.com\/index.php?rest_route=\/wp\/v2\/posts\/6940\/revisions"}],"predecessor-version":[{"id":6942,"href":"https:\/\/yurtbakisi.com\/index.php?rest_route=\/wp\/v2\/posts\/6940\/revisions\/6942"}],"wp:featuredmedia":[{"embeddable":true,"href":"https:\/\/yurtbakisi.com\/index.php?rest_route=\/wp\/v2\/media\/6941"}],"wp:attachment":[{"href":"https:\/\/yurtbakisi.com\/index.php?rest_route=%2Fwp%2Fv2%2Fmedia&parent=6940"}],"wp:term":[{"taxonomy":"category","embeddable":true,"href":"https:\/\/yurtbakisi.com\/index.php?rest_route=%2Fwp%2Fv2%2Fcategories&post=6940"},{"taxonomy":"post_tag","embeddable":true,"href":"https:\/\/yurtbakisi.com\/index.php?rest_route=%2Fwp%2Fv2%2Ftags&post=6940"},{"taxonomy":"yb_news_series","embeddable":true,"href":"https:\/\/yurtbakisi.com\/index.php?rest_route=%2Fwp%2Fv2%2Fyb_news_series&post=6940"},{"taxonomy":"yb_language","embeddable":true,"href":"https:\/\/yurtbakisi.com\/index.php?rest_route=%2Fwp%2Fv2%2Fyb_language&post=6940"}],"curies":[{"name":"wp","href":"https:\/\/api.w.org\/{rel}","templated":true}]}}