{"id":7343,"date":"2026-08-29T23:54:47","date_gmt":"2026-08-29T20:54:47","guid":{"rendered":"https:\/\/yurtbakisi.com\/?p=7343"},"modified":"2026-08-29T23:54:47","modified_gmt":"2026-08-29T20:54:47","slug":"selenanin-nazlisi-dilara-kurtulmus-evlendi-iste-nikahtan-ilk-kareler-milliyet","status":"publish","type":"post","link":"https:\/\/yurtbakisi.com\/?p=7343","title":{"rendered":"&#8216;Selena&#8217;n\u0131n Nazl\u0131&#8217;s\u0131 Dilara Kurtulmu\u015f evlendi! \u0130\u015fte nikahtan ilk kareler &#8211; Milliyet"},"content":{"rendered":"<div class=\"yb-imported-news-note\">\n<p>&#039;Selena&#039;n\u0131n Nazl\u0131&#039;s\u0131 Dilara Kurtulmu\u015f evlendi! \u0130\u015fte nikahtan ilk kareler Milliyet<\/p>\n<p><strong>Kaynak:<\/strong> Canl\u0131 Ak\u0131\u015f \u2014 Magazin \u2014 Ayr\u0131nt\u0131lar ve tam i\u00e7erik i\u00e7in <a href=\"https:\/\/news.google.com\/rss\/articles\/CBMiuwFBVV95cUxNZERYWUFCbktzR2N3SjZXQXNBZGpCcDhwYndZRG5WbHNzQnc4bEczRUZfYmkzNEVudnBTX3duTnlGTFlrOHVzUzBja1JmNERwX045V0xtdVJMbk1uVmJyc0FVeUZ5ZXdTRnladTNHR3JCenQ2RFhJRUxaeGNtVVN6UlZScmtZbm5DS242R201SUM5R1dzZ1FHQVlWcmxKWGpIWlhDVWRMV0pmSVFzTW5WTG01MzlvOENmT3Fr?oc=5\" target=\"_blank\" rel=\"nofollow noopener noreferrer\">\u00f6zg\u00fcn haberi a\u00e7\u0131n<\/a>.<\/p>\n<p><small>Bu kay\u0131t RSS haber havuzuna k\u0131sa kaynak \u00f6zeti olarak al\u0131nm\u0131\u015ft\u0131r; \u00f6zg\u00fcn metnin tamam\u0131 kopyalanmam\u0131\u015ft\u0131r.<\/small><\/p>\n<\/div>\n","protected":false},"excerpt":{"rendered":"<p>&#8216;Selena&#8217;n\u0131n Nazl\u0131&#8217;s\u0131 Dilara Kurtulmu\u015f evlendi! \u0130\u015fte nikahtan ilk kareler Milliyet<\/p>\n","protected":false},"author":1,"featured_media":0,"comment_status":"closed","ping_status":"closed","sticky":false,"template":"","format":"standard","meta":{"_yb_topic_hash":"65a32048f708065d432442571b3af1958093059e28c99c2ac4e5f74bbfac26c7","_yb_image_repair_status":"failed","_yb_image_repair_last":"2026-08-30 02:55:37","_yb_image_repair_attempts":1,"_yb_source_trust_score":93,"footnotes":""},"categories":[9,66,68,15],"tags":[108,130],"yb_news_series":[],"yb_language":[],"class_list":["post-7343","post","type-post","status-publish","format-standard","has-post-thumbnail","hentry","category-cemiyet","category-cemiyet-sosyal","category-dugunler","category-magazin","tag-canli-akis-magazin","tag-foto-galeri"],"blocksy_meta":[],"_links":{"self":[{"href":"https:\/\/yurtbakisi.com\/index.php?rest_route=\/wp\/v2\/posts\/7343","targetHints":{"allow":["GET"]}}],"collection":[{"href":"https:\/\/yurtbakisi.com\/index.php?rest_route=\/wp\/v2\/posts"}],"about":[{"href":"https:\/\/yurtbakisi.com\/index.php?rest_route=\/wp\/v2\/types\/post"}],"author":[{"embeddable":true,"href":"https:\/\/yurtbakisi.com\/index.php?rest_route=\/wp\/v2\/users\/1"}],"replies":[{"embeddable":true,"href":"https:\/\/yurtbakisi.com\/index.php?rest_route=%2Fwp%2Fv2%2Fcomments&post=7343"}],"version-history":[{"count":0,"href":"https:\/\/yurtbakisi.com\/index.php?rest_route=\/wp\/v2\/posts\/7343\/revisions"}],"wp:attachment":[{"href":"https:\/\/yurtbakisi.com\/index.php?rest_route=%2Fwp%2Fv2%2Fmedia&parent=7343"}],"wp:term":[{"taxonomy":"category","embeddable":true,"href":"https:\/\/yurtbakisi.com\/index.php?rest_route=%2Fwp%2Fv2%2Fcategories&post=7343"},{"taxonomy":"post_tag","embeddable":true,"href":"https:\/\/yurtbakisi.com\/index.php?rest_route=%2Fwp%2Fv2%2Ftags&post=7343"},{"taxonomy":"yb_news_series","embeddable":true,"href":"https:\/\/yurtbakisi.com\/index.php?rest_route=%2Fwp%2Fv2%2Fyb_news_series&post=7343"},{"taxonomy":"yb_language","embeddable":true,"href":"https:\/\/yurtbakisi.com\/index.php?rest_route=%2Fwp%2Fv2%2Fyb_language&post=7343"}],"curies":[{"name":"wp","href":"https:\/\/api.w.org\/{rel}","templated":true}]}}