{"id":7344,"date":"2026-08-29T23:07:07","date_gmt":"2026-08-29T20:07:07","guid":{"rendered":"https:\/\/yurtbakisi.com\/?p=7344"},"modified":"2026-08-29T23:07:07","modified_gmt":"2026-08-29T20:07:07","slug":"cem-yilmaz-neden-hastaneye-kaldirildi-hastaligi-ne-cem-yilmaz-hastaneye-kaldirildi-iste-son-saglik-durumu-milliyet","status":"publish","type":"post","link":"https:\/\/yurtbakisi.com\/?p=7344","title":{"rendered":"Cem Y\u0131lmaz neden hastaneye kald\u0131r\u0131ld\u0131, hastal\u0131\u011f\u0131 ne? Cem Y\u0131lmaz hastaneye kald\u0131r\u0131ld\u0131! \u0130\u015fte son sa\u011fl\u0131k durumu &#8211; Milliyet"},"content":{"rendered":"<div class=\"yb-imported-news-note\">\n<p>Cem Y\u0131lmaz neden hastaneye kald\u0131r\u0131ld\u0131, hastal\u0131\u011f\u0131 ne? Cem Y\u0131lmaz hastaneye kald\u0131r\u0131ld\u0131! \u0130\u015fte son sa\u011fl\u0131k durumu Milliyet<\/p>\n<p><strong>Kaynak:<\/strong> Canl\u0131 Ak\u0131\u015f \u2014 Magazin \u2014 Ayr\u0131nt\u0131lar ve tam i\u00e7erik i\u00e7in <a href=\"https:\/\/news.google.com\/rss\/articles\/CBMirgFBVV95cUxPT193VVFzNk9MM2pNZE5COTZ4a3IwX2FvMW5TT1JqSWZEZ2JwTVdWV1BZa0FFUWtOQ3VweDRPMFJwbFVlak42M0dtVTlqSzNGbmNsdTJCQlRmbjRia3cwN3RBQU9LRnZpZzFFWThrN25aX3BmUW5yaE1PTDB6SlVGY21KN0JHMVVjSzF0S2FkXzRtUVlJOFB3aDJ0ZmNlZXgxeTZpVmI1MkFxQkwxSmc?oc=5\" target=\"_blank\" rel=\"nofollow noopener noreferrer\">\u00f6zg\u00fcn haberi a\u00e7\u0131n<\/a>.<\/p>\n<p><small>Bu kay\u0131t RSS haber havuzuna k\u0131sa kaynak \u00f6zeti olarak al\u0131nm\u0131\u015ft\u0131r; \u00f6zg\u00fcn metnin tamam\u0131 kopyalanmam\u0131\u015ft\u0131r.<\/small><\/p>\n<\/div>\n","protected":false},"excerpt":{"rendered":"<p>Cem Y\u0131lmaz neden hastaneye kald\u0131r\u0131ld\u0131, hastal\u0131\u011f\u0131 ne? Cem Y\u0131lmaz hastaneye kald\u0131r\u0131ld\u0131! \u0130\u015fte son sa\u011fl\u0131k durumu Milliyet<\/p>\n","protected":false},"author":1,"featured_media":0,"comment_status":"closed","ping_status":"closed","sticky":false,"template":"","format":"standard","meta":{"_yb_topic_hash":"3fd659ed25c59f82692791ac3a611cd0979e0c4420ef17972b819cf95e4283ca","_yb_image_repair_status":"","_yb_image_repair_last":"","_yb_image_repair_attempts":0,"_yb_source_trust_score":93,"footnotes":""},"categories":[15],"tags":[108,112],"yb_news_series":[],"yb_language":[],"class_list":["post-7344","post","type-post","status-publish","format-standard","has-post-thumbnail","hentry","category-magazin","tag-canli-akis-magazin","tag-saglik"],"blocksy_meta":[],"_links":{"self":[{"href":"https:\/\/yurtbakisi.com\/index.php?rest_route=\/wp\/v2\/posts\/7344","targetHints":{"allow":["GET"]}}],"collection":[{"href":"https:\/\/yurtbakisi.com\/index.php?rest_route=\/wp\/v2\/posts"}],"about":[{"href":"https:\/\/yurtbakisi.com\/index.php?rest_route=\/wp\/v2\/types\/post"}],"author":[{"embeddable":true,"href":"https:\/\/yurtbakisi.com\/index.php?rest_route=\/wp\/v2\/users\/1"}],"replies":[{"embeddable":true,"href":"https:\/\/yurtbakisi.com\/index.php?rest_route=%2Fwp%2Fv2%2Fcomments&post=7344"}],"version-history":[{"count":0,"href":"https:\/\/yurtbakisi.com\/index.php?rest_route=\/wp\/v2\/posts\/7344\/revisions"}],"wp:attachment":[{"href":"https:\/\/yurtbakisi.com\/index.php?rest_route=%2Fwp%2Fv2%2Fmedia&parent=7344"}],"wp:term":[{"taxonomy":"category","embeddable":true,"href":"https:\/\/yurtbakisi.com\/index.php?rest_route=%2Fwp%2Fv2%2Fcategories&post=7344"},{"taxonomy":"post_tag","embeddable":true,"href":"https:\/\/yurtbakisi.com\/index.php?rest_route=%2Fwp%2Fv2%2Ftags&post=7344"},{"taxonomy":"yb_news_series","embeddable":true,"href":"https:\/\/yurtbakisi.com\/index.php?rest_route=%2Fwp%2Fv2%2Fyb_news_series&post=7344"},{"taxonomy":"yb_language","embeddable":true,"href":"https:\/\/yurtbakisi.com\/index.php?rest_route=%2Fwp%2Fv2%2Fyb_language&post=7344"}],"curies":[{"name":"wp","href":"https:\/\/api.w.org\/{rel}","templated":true}]}}