{"id":7348,"date":"2026-08-29T23:46:59","date_gmt":"2026-08-29T20:46:59","guid":{"rendered":"https:\/\/yurtbakisi.com\/?p=7348"},"modified":"2026-08-29T23:46:59","modified_gmt":"2026-08-29T20:46:59","slug":"komedyen-cem-yilmaz-hastaneye-kaldirildi-kalp-krizi-gecirdi-saglik-durumu-belli-oldu-turkiye-gazetesi","status":"publish","type":"post","link":"https:\/\/yurtbakisi.com\/?p=7348","title":{"rendered":"Komedyen Cem Y\u0131lmaz hastaneye kald\u0131r\u0131ld\u0131! Kalp krizi ge\u00e7irdi, sa\u011fl\u0131k durumu belli oldu &#8211; T\u00fcrkiye Gazetesi"},"content":{"rendered":"<div class=\"yb-imported-news-note\">\n<p>Komedyen Cem Y\u0131lmaz hastaneye kald\u0131r\u0131ld\u0131! Kalp krizi ge\u00e7irdi, sa\u011fl\u0131k durumu belli oldu T\u00fcrkiye Gazetesi<\/p>\n<p><strong>Kaynak:<\/strong> Canl\u0131 Ak\u0131\u015f \u2014 Magazin \u2014 Ayr\u0131nt\u0131lar ve tam i\u00e7erik i\u00e7in <a href=\"https:\/\/news.google.com\/rss\/articles\/CBMiswFBVV95cUxQR3NjeFhWWlBZSFhraENmV2RseEVfUURlUlgwbXVHMXpESjJ1clM0UzFmQWZ5NW5aVG8xbzJKUklEbXp0bXJnSzFZenBLTlV5TFNtNGEtSmg2VmlSYVVmczJ2QWl6T0RFa0xvdk1WRGJ1MXdpejJDd25Oc3FPTlY4d3plY2dlTUdVekdTaVNtSHhwb2xSVy1hRGFJV1lXS2lGdVE1Y29neFcwZV9qMHRuNWxURQ?oc=5\" target=\"_blank\" rel=\"nofollow noopener noreferrer\">\u00f6zg\u00fcn haberi a\u00e7\u0131n<\/a>.<\/p>\n<p><small>Bu kay\u0131t RSS haber havuzuna k\u0131sa kaynak \u00f6zeti olarak al\u0131nm\u0131\u015ft\u0131r; \u00f6zg\u00fcn metnin tamam\u0131 kopyalanmam\u0131\u015ft\u0131r.<\/small><\/p>\n<\/div>\n","protected":false},"excerpt":{"rendered":"<p>Komedyen Cem Y\u0131lmaz hastaneye kald\u0131r\u0131ld\u0131! Kalp krizi ge\u00e7irdi, sa\u011fl\u0131k durumu belli oldu T\u00fcrkiye Gazetesi<\/p>\n","protected":false},"author":1,"featured_media":0,"comment_status":"closed","ping_status":"closed","sticky":false,"template":"","format":"standard","meta":{"_yb_topic_hash":"777a9130bdf368db8c780fef6ce8a259450040aa1af2ce1c0c8aefa5d20d10e0","_yb_image_repair_status":"failed","_yb_image_repair_last":"2026-08-30 02:55:37","_yb_image_repair_attempts":1,"_yb_source_trust_score":93,"footnotes":""},"categories":[15],"tags":[108,112],"yb_news_series":[],"yb_language":[],"class_list":["post-7348","post","type-post","status-publish","format-standard","has-post-thumbnail","hentry","category-magazin","tag-canli-akis-magazin","tag-saglik"],"blocksy_meta":[],"_links":{"self":[{"href":"https:\/\/yurtbakisi.com\/index.php?rest_route=\/wp\/v2\/posts\/7348","targetHints":{"allow":["GET"]}}],"collection":[{"href":"https:\/\/yurtbakisi.com\/index.php?rest_route=\/wp\/v2\/posts"}],"about":[{"href":"https:\/\/yurtbakisi.com\/index.php?rest_route=\/wp\/v2\/types\/post"}],"author":[{"embeddable":true,"href":"https:\/\/yurtbakisi.com\/index.php?rest_route=\/wp\/v2\/users\/1"}],"replies":[{"embeddable":true,"href":"https:\/\/yurtbakisi.com\/index.php?rest_route=%2Fwp%2Fv2%2Fcomments&post=7348"}],"version-history":[{"count":0,"href":"https:\/\/yurtbakisi.com\/index.php?rest_route=\/wp\/v2\/posts\/7348\/revisions"}],"wp:attachment":[{"href":"https:\/\/yurtbakisi.com\/index.php?rest_route=%2Fwp%2Fv2%2Fmedia&parent=7348"}],"wp:term":[{"taxonomy":"category","embeddable":true,"href":"https:\/\/yurtbakisi.com\/index.php?rest_route=%2Fwp%2Fv2%2Fcategories&post=7348"},{"taxonomy":"post_tag","embeddable":true,"href":"https:\/\/yurtbakisi.com\/index.php?rest_route=%2Fwp%2Fv2%2Ftags&post=7348"},{"taxonomy":"yb_news_series","embeddable":true,"href":"https:\/\/yurtbakisi.com\/index.php?rest_route=%2Fwp%2Fv2%2Fyb_news_series&post=7348"},{"taxonomy":"yb_language","embeddable":true,"href":"https:\/\/yurtbakisi.com\/index.php?rest_route=%2Fwp%2Fv2%2Fyb_language&post=7348"}],"curies":[{"name":"wp","href":"https:\/\/api.w.org\/{rel}","templated":true}]}}