{"id":7358,"date":"2026-08-30T01:08:37","date_gmt":"2026-08-29T22:08:37","guid":{"rendered":"https:\/\/yurtbakisi.com\/?p=7358"},"modified":"2026-08-30T01:08:37","modified_gmt":"2026-08-29T22:08:37","slug":"ferhat-gocer-ve-sinan-akcil-arasindaki-polemige-demet-akalin-da-dahil-olmustu-gocer-sen-bi-sus-muhtar-demet-t24","status":"publish","type":"post","link":"https:\/\/yurtbakisi.com\/?p=7358","title":{"rendered":"Ferhat G\u00f6\u00e7er ve Sinan Ak\u00e7\u0131l aras\u0131ndaki polemi\u011fe, Demet Akal\u0131n da dahil olmu\u015ftu| G\u00f6\u00e7er: Sen bi sus muhtar Demet! &#8211; T24"},"content":{"rendered":"<div class=\"yb-imported-news-note\">\n<p>Ferhat G\u00f6\u00e7er ve Sinan Ak\u00e7\u0131l aras\u0131ndaki polemi\u011fe, Demet Akal\u0131n da dahil olmu\u015ftu| G\u00f6\u00e7er: Sen bi sus muhtar Demet! T24<\/p>\n<p><strong>Kaynak:<\/strong> Canl\u0131 Ak\u0131\u015f \u2014 Magazin \u2014 Ayr\u0131nt\u0131lar ve tam i\u00e7erik i\u00e7in <a href=\"https:\/\/news.google.com\/rss\/articles\/CBMitwFBVV95cUxORHF2WHc3R3RfTDdfVHMwZnl2dUxPcUUtRlFXTjFBYXVzTUpFTG5GN3QycVAwNGxQSVl6blFGZ3RvUmpGa1RQVU9EU0VJR09fc1FhT1BfOUJCd3RhTU14TGFlc1BYeVFmWGlLYXNfWFZ5a1NsVWpnQ0xOY1dOelBhN1VoWVdVODZ4WXBQTl9OcjdhYmFKM09DaFNuYXZmR3hJUUFibThMa3Q3X0ZINHlxc1A5VFY1cUk?oc=5\" target=\"_blank\" rel=\"nofollow noopener noreferrer\">\u00f6zg\u00fcn haberi a\u00e7\u0131n<\/a>.<\/p>\n<p><small>Bu kay\u0131t RSS haber havuzuna k\u0131sa kaynak \u00f6zeti olarak al\u0131nm\u0131\u015ft\u0131r; \u00f6zg\u00fcn metnin tamam\u0131 kopyalanmam\u0131\u015ft\u0131r.<\/small><\/p>\n<\/div>\n","protected":false},"excerpt":{"rendered":"<p>Ferhat G\u00f6\u00e7er ve Sinan Ak\u00e7\u0131l aras\u0131ndaki polemi\u011fe, Demet Akal\u0131n da dahil olmu\u015ftu| G\u00f6\u00e7er: Sen bi sus muhtar Demet! T24<\/p>\n","protected":false},"author":1,"featured_media":0,"comment_status":"closed","ping_status":"closed","sticky":false,"template":"","format":"standard","meta":{"_yb_topic_hash":"d25a4f95fec8a2517931f3eb0a1a83b25dcdfc45e58253a06f54a411bfe3ba3b","_yb_image_repair_status":"","_yb_image_repair_last":"","_yb_image_repair_attempts":0,"_yb_source_trust_score":93,"footnotes":""},"categories":[15],"tags":[108],"yb_news_series":[],"yb_language":[],"class_list":["post-7358","post","type-post","status-publish","format-standard","has-post-thumbnail","hentry","category-magazin","tag-canli-akis-magazin"],"blocksy_meta":[],"_links":{"self":[{"href":"https:\/\/yurtbakisi.com\/index.php?rest_route=\/wp\/v2\/posts\/7358","targetHints":{"allow":["GET"]}}],"collection":[{"href":"https:\/\/yurtbakisi.com\/index.php?rest_route=\/wp\/v2\/posts"}],"about":[{"href":"https:\/\/yurtbakisi.com\/index.php?rest_route=\/wp\/v2\/types\/post"}],"author":[{"embeddable":true,"href":"https:\/\/yurtbakisi.com\/index.php?rest_route=\/wp\/v2\/users\/1"}],"replies":[{"embeddable":true,"href":"https:\/\/yurtbakisi.com\/index.php?rest_route=%2Fwp%2Fv2%2Fcomments&post=7358"}],"version-history":[{"count":0,"href":"https:\/\/yurtbakisi.com\/index.php?rest_route=\/wp\/v2\/posts\/7358\/revisions"}],"wp:attachment":[{"href":"https:\/\/yurtbakisi.com\/index.php?rest_route=%2Fwp%2Fv2%2Fmedia&parent=7358"}],"wp:term":[{"taxonomy":"category","embeddable":true,"href":"https:\/\/yurtbakisi.com\/index.php?rest_route=%2Fwp%2Fv2%2Fcategories&post=7358"},{"taxonomy":"post_tag","embeddable":true,"href":"https:\/\/yurtbakisi.com\/index.php?rest_route=%2Fwp%2Fv2%2Ftags&post=7358"},{"taxonomy":"yb_news_series","embeddable":true,"href":"https:\/\/yurtbakisi.com\/index.php?rest_route=%2Fwp%2Fv2%2Fyb_news_series&post=7358"},{"taxonomy":"yb_language","embeddable":true,"href":"https:\/\/yurtbakisi.com\/index.php?rest_route=%2Fwp%2Fv2%2Fyb_language&post=7358"}],"curies":[{"name":"wp","href":"https:\/\/api.w.org\/{rel}","templated":true}]}}