{"id":7419,"date":"2026-08-30T09:27:00","date_gmt":"2026-08-30T06:27:00","guid":{"rendered":"https:\/\/yurtbakisi.com\/?p=7419"},"modified":"2026-08-30T09:27:00","modified_gmt":"2026-08-30T06:27:00","slug":"selenanin-nazlisi-dilara-kurtulmus-dunyaevine-girdi-dugunde-yildizlar-gecidi-cumhuriyet","status":"publish","type":"post","link":"https:\/\/yurtbakisi.com\/?p=7419","title":{"rendered":"Selena&#8217;n\u0131n &#8216;Nazl\u0131&#8217;s\u0131 Dilara Kurtulmu\u015f d\u00fcnyaevine girdi: D\u00fc\u011f\u00fcnde y\u0131ld\u0131zlar ge\u00e7idi &#8211; Cumhuriyet"},"content":{"rendered":"<div class=\"yb-imported-news-note\">\n<p>Selena&#039;n\u0131n &#039;Nazl\u0131&#039;s\u0131 Dilara Kurtulmu\u015f d\u00fcnyaevine girdi: D\u00fc\u011f\u00fcnde y\u0131ld\u0131zlar ge\u00e7idi Cumhuriyet<\/p>\n<p><strong>Kaynak:<\/strong> Canl\u0131 Ak\u0131\u015f \u2014 Magazin \u2014 Ayr\u0131nt\u0131lar ve tam i\u00e7erik i\u00e7in <a href=\"https:\/\/news.google.com\/rss\/articles\/CBMiwgFBVV95cUxNSC1DYWx2eUZyRWd0RUp6dE9mNUd3cEVfWVFnR195bGVTV0VvUkxvUmpkQjJfMktkczBjcXJyVEg5clc5RlVXNjV3MnF3b1ktWElteTNhM1hrYnE2N29QbW40Z3hZaFpTS3hxZEtiM3NvaG9FZVpDS01QSmtJV1ljeVQ0WE9MWlM3ZHhhVGtyMjdOb1UtZWFVR0pxZ0FRUWp2al84X0lzZlJyV2RGU1BYMEx0UnJ0MFQwRThob2xtY19kUQ?oc=5\" target=\"_blank\" rel=\"nofollow noopener noreferrer\">\u00f6zg\u00fcn haberi a\u00e7\u0131n<\/a>.<\/p>\n<p><small>Bu kay\u0131t RSS haber havuzuna k\u0131sa kaynak \u00f6zeti olarak al\u0131nm\u0131\u015ft\u0131r; \u00f6zg\u00fcn metnin tamam\u0131 kopyalanmam\u0131\u015ft\u0131r.<\/small><\/p>\n<\/div>\n","protected":false},"excerpt":{"rendered":"<p>Selena&#8217;n\u0131n &#8216;Nazl\u0131&#8217;s\u0131 Dilara Kurtulmu\u015f d\u00fcnyaevine girdi: D\u00fc\u011f\u00fcnde y\u0131ld\u0131zlar ge\u00e7idi Cumhuriyet<\/p>\n","protected":false},"author":1,"featured_media":0,"comment_status":"closed","ping_status":"closed","sticky":false,"template":"","format":"standard","meta":{"_yb_topic_hash":"86ceb4153314adc34fcf053bba8c2cbdbcb483934acda3907b715ff5f4faab89","_yb_image_repair_status":"","_yb_image_repair_last":"","_yb_image_repair_attempts":0,"_yb_source_trust_score":93,"footnotes":""},"categories":[9,66,68,15],"tags":[108,107],"yb_news_series":[],"yb_language":[],"class_list":["post-7419","post","type-post","status-publish","format-standard","has-post-thumbnail","hentry","category-cemiyet","category-cemiyet-sosyal","category-dugunler","category-magazin","tag-canli-akis-magazin","tag-cemiyet"],"blocksy_meta":[],"_links":{"self":[{"href":"https:\/\/yurtbakisi.com\/index.php?rest_route=\/wp\/v2\/posts\/7419","targetHints":{"allow":["GET"]}}],"collection":[{"href":"https:\/\/yurtbakisi.com\/index.php?rest_route=\/wp\/v2\/posts"}],"about":[{"href":"https:\/\/yurtbakisi.com\/index.php?rest_route=\/wp\/v2\/types\/post"}],"author":[{"embeddable":true,"href":"https:\/\/yurtbakisi.com\/index.php?rest_route=\/wp\/v2\/users\/1"}],"replies":[{"embeddable":true,"href":"https:\/\/yurtbakisi.com\/index.php?rest_route=%2Fwp%2Fv2%2Fcomments&post=7419"}],"version-history":[{"count":0,"href":"https:\/\/yurtbakisi.com\/index.php?rest_route=\/wp\/v2\/posts\/7419\/revisions"}],"wp:attachment":[{"href":"https:\/\/yurtbakisi.com\/index.php?rest_route=%2Fwp%2Fv2%2Fmedia&parent=7419"}],"wp:term":[{"taxonomy":"category","embeddable":true,"href":"https:\/\/yurtbakisi.com\/index.php?rest_route=%2Fwp%2Fv2%2Fcategories&post=7419"},{"taxonomy":"post_tag","embeddable":true,"href":"https:\/\/yurtbakisi.com\/index.php?rest_route=%2Fwp%2Fv2%2Ftags&post=7419"},{"taxonomy":"yb_news_series","embeddable":true,"href":"https:\/\/yurtbakisi.com\/index.php?rest_route=%2Fwp%2Fv2%2Fyb_news_series&post=7419"},{"taxonomy":"yb_language","embeddable":true,"href":"https:\/\/yurtbakisi.com\/index.php?rest_route=%2Fwp%2Fv2%2Fyb_language&post=7419"}],"curies":[{"name":"wp","href":"https:\/\/api.w.org\/{rel}","templated":true}]}}