{"id":7420,"date":"2026-08-30T09:56:44","date_gmt":"2026-08-30T06:56:44","guid":{"rendered":"https:\/\/yurtbakisi.com\/?p=7420"},"modified":"2026-08-30T09:56:49","modified_gmt":"2026-08-30T06:56:49","slug":"erzincanda-saganak-su-baskinlarina-neden-oldu","status":"publish","type":"post","link":"https:\/\/yurtbakisi.com\/?p=7420","title":{"rendered":"Erzincan&#039;da sa\u011fanak su bask\u0131nlar\u0131na neden oldu"},"content":{"rendered":"<p>Erzincan&#039;\u0131n \u00dcz\u00fcml\u00fc il\u00e7esinde ak\u015fam saatlerinde etkili olan sa\u011fanak nedeniyle baz\u0131 noktalarda su bask\u0131nlar\u0131 meydana geldi.<\/p>\n<p><strong>Kaynak:<\/strong> TRT Haber \u2014 <a href=\"https:\/\/www.trthaber.com\/haber\/turkiye\/erzincanda-saganak-su-baskinlarina-neden-oldu-955336.html\" target=\"_blank\" rel=\"nofollow noopener\">Haberin devam\u0131n\u0131 \u00f6zg\u00fcn kayna\u011f\u0131nda oku<\/a><\/p>\n","protected":false},"excerpt":{"rendered":"<p>Erzincan&#8217;\u0131n \u00dcz\u00fcml\u00fc il\u00e7esinde ak\u015fam saatlerinde etkili olan sa\u011fanak nedeniyle baz\u0131 noktalarda su bask\u0131nlar\u0131 meydana geldi.<\/p>\n","protected":false},"author":0,"featured_media":7421,"comment_status":"closed","ping_status":"closed","sticky":false,"template":"","format":"standard","meta":{"_yb_topic_hash":"7a2ac61406f38b9e1b1846b3cdb37e818f30f759ace47f54b788e80c6c00406d","_yb_image_repair_status":"","_yb_image_repair_last":"","_yb_image_repair_attempts":0,"_yb_source_trust_score":0,"footnotes":""},"categories":[154],"tags":[],"yb_news_series":[],"yb_language":[],"class_list":["post-7420","post","type-post","status-publish","format-standard","has-post-thumbnail","hentry","category-turkiye"],"blocksy_meta":[],"_links":{"self":[{"href":"https:\/\/yurtbakisi.com\/index.php?rest_route=\/wp\/v2\/posts\/7420","targetHints":{"allow":["GET"]}}],"collection":[{"href":"https:\/\/yurtbakisi.com\/index.php?rest_route=\/wp\/v2\/posts"}],"about":[{"href":"https:\/\/yurtbakisi.com\/index.php?rest_route=\/wp\/v2\/types\/post"}],"replies":[{"embeddable":true,"href":"https:\/\/yurtbakisi.com\/index.php?rest_route=%2Fwp%2Fv2%2Fcomments&post=7420"}],"version-history":[{"count":1,"href":"https:\/\/yurtbakisi.com\/index.php?rest_route=\/wp\/v2\/posts\/7420\/revisions"}],"predecessor-version":[{"id":7422,"href":"https:\/\/yurtbakisi.com\/index.php?rest_route=\/wp\/v2\/posts\/7420\/revisions\/7422"}],"wp:featuredmedia":[{"embeddable":true,"href":"https:\/\/yurtbakisi.com\/index.php?rest_route=\/wp\/v2\/media\/7421"}],"wp:attachment":[{"href":"https:\/\/yurtbakisi.com\/index.php?rest_route=%2Fwp%2Fv2%2Fmedia&parent=7420"}],"wp:term":[{"taxonomy":"category","embeddable":true,"href":"https:\/\/yurtbakisi.com\/index.php?rest_route=%2Fwp%2Fv2%2Fcategories&post=7420"},{"taxonomy":"post_tag","embeddable":true,"href":"https:\/\/yurtbakisi.com\/index.php?rest_route=%2Fwp%2Fv2%2Ftags&post=7420"},{"taxonomy":"yb_news_series","embeddable":true,"href":"https:\/\/yurtbakisi.com\/index.php?rest_route=%2Fwp%2Fv2%2Fyb_news_series&post=7420"},{"taxonomy":"yb_language","embeddable":true,"href":"https:\/\/yurtbakisi.com\/index.php?rest_route=%2Fwp%2Fv2%2Fyb_language&post=7420"}],"curies":[{"name":"wp","href":"https:\/\/api.w.org\/{rel}","templated":true}]}}