{"id":7464,"date":"2026-08-30T20:59:26","date_gmt":"2026-08-30T17:59:26","guid":{"rendered":"https:\/\/yurtbakisi.com\/?p=7464"},"modified":"2026-08-30T20:59:32","modified_gmt":"2026-08-30T17:59:32","slug":"isgalci-israil-ordusu-ateskese-ragmen-lubnanin-guneyinde-bazi-bolgeleri-hedef-aldi","status":"publish","type":"post","link":"https:\/\/yurtbakisi.com\/?p=7464","title":{"rendered":"\u0130\u015fgalci \u0130srail ordusu, ate\u015fkese ra\u011fmen L\u00fcbnan&#039;\u0131n g\u00fcneyinde baz\u0131 b\u00f6lgeleri hedef ald\u0131"},"content":{"rendered":"<p>\u0130\u015fgalci \u0130srail ordusunun, ate\u015fkese ra\u011fmen L\u00fcbnan&#039;\u0131n g\u00fcneyinde baz\u0131 b\u00f6lgelere sald\u0131r\u0131 d\u00fczenledi\u011fi duyuruldu.<\/p>\n<p><strong>Kaynak:<\/strong> TRT Haber \u2014 <a href=\"https:\/\/www.trthaber.com\/haber\/dunya\/isgalci-israil-ordusu-ateskese-ragmen-lubnanin-guneyinde-bazi-bolgeleri-hedef-aldi-955381.html\" target=\"_blank\" rel=\"nofollow noopener\">Haberin devam\u0131n\u0131 \u00f6zg\u00fcn kayna\u011f\u0131nda oku<\/a><\/p>\n","protected":false},"excerpt":{"rendered":"<p>\u0130\u015fgalci \u0130srail ordusunun, ate\u015fkese ra\u011fmen L\u00fcbnan&#8217;\u0131n g\u00fcneyinde baz\u0131 b\u00f6lgelere sald\u0131r\u0131 d\u00fczenledi\u011fi duyuruldu.<\/p>\n","protected":false},"author":0,"featured_media":7465,"comment_status":"closed","ping_status":"closed","sticky":false,"template":"","format":"standard","meta":{"_yb_topic_hash":"de7335a5af6930466854b0425acd13ba227c397944e17f89c1183f830cc20a72","_yb_image_repair_status":"","_yb_image_repair_last":"","_yb_image_repair_attempts":0,"_yb_source_trust_score":0,"footnotes":""},"categories":[155],"tags":[],"yb_news_series":[],"yb_language":[],"class_list":["post-7464","post","type-post","status-publish","format-standard","has-post-thumbnail","hentry","category-dunya"],"blocksy_meta":[],"_links":{"self":[{"href":"https:\/\/yurtbakisi.com\/index.php?rest_route=\/wp\/v2\/posts\/7464","targetHints":{"allow":["GET"]}}],"collection":[{"href":"https:\/\/yurtbakisi.com\/index.php?rest_route=\/wp\/v2\/posts"}],"about":[{"href":"https:\/\/yurtbakisi.com\/index.php?rest_route=\/wp\/v2\/types\/post"}],"replies":[{"embeddable":true,"href":"https:\/\/yurtbakisi.com\/index.php?rest_route=%2Fwp%2Fv2%2Fcomments&post=7464"}],"version-history":[{"count":1,"href":"https:\/\/yurtbakisi.com\/index.php?rest_route=\/wp\/v2\/posts\/7464\/revisions"}],"predecessor-version":[{"id":7466,"href":"https:\/\/yurtbakisi.com\/index.php?rest_route=\/wp\/v2\/posts\/7464\/revisions\/7466"}],"wp:featuredmedia":[{"embeddable":true,"href":"https:\/\/yurtbakisi.com\/index.php?rest_route=\/wp\/v2\/media\/7465"}],"wp:attachment":[{"href":"https:\/\/yurtbakisi.com\/index.php?rest_route=%2Fwp%2Fv2%2Fmedia&parent=7464"}],"wp:term":[{"taxonomy":"category","embeddable":true,"href":"https:\/\/yurtbakisi.com\/index.php?rest_route=%2Fwp%2Fv2%2Fcategories&post=7464"},{"taxonomy":"post_tag","embeddable":true,"href":"https:\/\/yurtbakisi.com\/index.php?rest_route=%2Fwp%2Fv2%2Ftags&post=7464"},{"taxonomy":"yb_news_series","embeddable":true,"href":"https:\/\/yurtbakisi.com\/index.php?rest_route=%2Fwp%2Fv2%2Fyb_news_series&post=7464"},{"taxonomy":"yb_language","embeddable":true,"href":"https:\/\/yurtbakisi.com\/index.php?rest_route=%2Fwp%2Fv2%2Fyb_language&post=7464"}],"curies":[{"name":"wp","href":"https:\/\/api.w.org\/{rel}","templated":true}]}}