{"id":7473,"date":"2026-08-30T21:03:09","date_gmt":"2026-08-30T18:03:09","guid":{"rendered":"https:\/\/yurtbakisi.com\/?p=7473"},"modified":"2026-08-30T21:03:16","modified_gmt":"2026-08-30T18:03:16","slug":"trabzonda-denize-girmek-yarin-yasak","status":"publish","type":"post","link":"https:\/\/yurtbakisi.com\/?p=7473","title":{"rendered":"Trabzon&#039;da denize girmek yar\u0131n yasak"},"content":{"rendered":"<p>Trabzon&#039;da kuvvetli r\u00fczgar nedeniyle can g\u00fcvenli\u011finin sa\u011flanmas\u0131 ve bo\u011fulma vakalar\u0131n\u0131n \u00f6nlenmesi amac\u0131yla 31 A\u011fustos&#039;ta il genelinde denize girilmesine izin verilmeyecek.<\/p>\n<p><strong>Kaynak:<\/strong> TRT Haber \u2014 <a href=\"https:\/\/www.trthaber.com\/haber\/turkiye\/trabzonda-denize-girmek-yarin-yasak-955382.html\" target=\"_blank\" rel=\"nofollow noopener\">Haberin devam\u0131n\u0131 \u00f6zg\u00fcn kayna\u011f\u0131nda oku<\/a><\/p>\n","protected":false},"excerpt":{"rendered":"<p>Trabzon&#8217;da kuvvetli r\u00fczgar nedeniyle can g\u00fcvenli\u011finin sa\u011flanmas\u0131 ve bo\u011fulma vakalar\u0131n\u0131n \u00f6nlenmesi amac\u0131yla 31 A\u011fustos&#8217;ta il genelinde denize girilmesine izin verilmeyecek.<\/p>\n","protected":false},"author":0,"featured_media":7474,"comment_status":"closed","ping_status":"closed","sticky":false,"template":"","format":"standard","meta":{"_yb_topic_hash":"58e36313b6d255acd24aeec8c9cd4c4e9579bb3e7651790ac5426afd3e9579d5","_yb_image_repair_status":"","_yb_image_repair_last":"","_yb_image_repair_attempts":0,"_yb_source_trust_score":0,"footnotes":""},"categories":[154],"tags":[],"yb_news_series":[],"yb_language":[],"class_list":["post-7473","post","type-post","status-publish","format-standard","has-post-thumbnail","hentry","category-turkiye"],"blocksy_meta":[],"_links":{"self":[{"href":"https:\/\/yurtbakisi.com\/index.php?rest_route=\/wp\/v2\/posts\/7473","targetHints":{"allow":["GET"]}}],"collection":[{"href":"https:\/\/yurtbakisi.com\/index.php?rest_route=\/wp\/v2\/posts"}],"about":[{"href":"https:\/\/yurtbakisi.com\/index.php?rest_route=\/wp\/v2\/types\/post"}],"replies":[{"embeddable":true,"href":"https:\/\/yurtbakisi.com\/index.php?rest_route=%2Fwp%2Fv2%2Fcomments&post=7473"}],"version-history":[{"count":1,"href":"https:\/\/yurtbakisi.com\/index.php?rest_route=\/wp\/v2\/posts\/7473\/revisions"}],"predecessor-version":[{"id":7475,"href":"https:\/\/yurtbakisi.com\/index.php?rest_route=\/wp\/v2\/posts\/7473\/revisions\/7475"}],"wp:featuredmedia":[{"embeddable":true,"href":"https:\/\/yurtbakisi.com\/index.php?rest_route=\/wp\/v2\/media\/7474"}],"wp:attachment":[{"href":"https:\/\/yurtbakisi.com\/index.php?rest_route=%2Fwp%2Fv2%2Fmedia&parent=7473"}],"wp:term":[{"taxonomy":"category","embeddable":true,"href":"https:\/\/yurtbakisi.com\/index.php?rest_route=%2Fwp%2Fv2%2Fcategories&post=7473"},{"taxonomy":"post_tag","embeddable":true,"href":"https:\/\/yurtbakisi.com\/index.php?rest_route=%2Fwp%2Fv2%2Ftags&post=7473"},{"taxonomy":"yb_news_series","embeddable":true,"href":"https:\/\/yurtbakisi.com\/index.php?rest_route=%2Fwp%2Fv2%2Fyb_news_series&post=7473"},{"taxonomy":"yb_language","embeddable":true,"href":"https:\/\/yurtbakisi.com\/index.php?rest_route=%2Fwp%2Fv2%2Fyb_language&post=7473"}],"curies":[{"name":"wp","href":"https:\/\/api.w.org\/{rel}","templated":true}]}}