{"id":7487,"date":"2026-08-30T21:57:12","date_gmt":"2026-08-30T18:57:12","guid":{"rendered":"https:\/\/yurtbakisi.com\/?p=7487"},"modified":"2026-08-30T21:57:15","modified_gmt":"2026-08-30T18:57:15","slug":"mugladan-antalyaya-sicrayan-yangin-kontrol-altinda","status":"publish","type":"post","link":"https:\/\/yurtbakisi.com\/?p=7487","title":{"rendered":"Mu\u011fla&#039;dan Antalya&#039;ya s\u0131\u00e7rayan yang\u0131n kontrol alt\u0131nda"},"content":{"rendered":"<p>Mu\u011fla&#039;n\u0131n Seydikemer il\u00e7esinde ba\u015flayarak r\u00fczgar\u0131n etkisiyle Antalya&#039;n\u0131n Ka\u015f il\u00e7esine s\u0131\u00e7rayan orman yang\u0131n\u0131, ekiplerin havadan ve karadan yo\u011fun m\u00fcdahalesiyle kontrol alt\u0131na al\u0131nd\u0131. B\u00f6lgede so\u011futma \u00e7al\u0131\u015fmalar\u0131 s\u00fcrerken, baz\u0131 ev ve seralar\u0131n yan\u0131 s\u0131ra tar\u0131m alanlar\u0131 da zarar g\u00f6rd\u00fc.<\/p>\n<p><strong>Kaynak:<\/strong> TRT Haber \u2014 <a href=\"https:\/\/www.trthaber.com\/haber\/turkiye\/mugladan-antalyaya-sicrayan-yangin-kontrol-altinda-955374.html\" target=\"_blank\" rel=\"nofollow noopener\">Haberin devam\u0131n\u0131 \u00f6zg\u00fcn kayna\u011f\u0131nda oku<\/a><\/p>\n","protected":false},"excerpt":{"rendered":"<p>Mu\u011fla&#8217;n\u0131n Seydikemer il\u00e7esinde ba\u015flayarak r\u00fczgar\u0131n etkisiyle Antalya&#8217;n\u0131n Ka\u015f il\u00e7esine s\u0131\u00e7rayan orman yang\u0131n\u0131, ekiplerin havadan ve karadan yo\u011fun m\u00fcdahalesiyle kontrol alt\u0131na al\u0131nd\u0131. B\u00f6lgede so\u011futma \u00e7al\u0131\u015fmalar\u0131 s\u00fcrerken, baz\u0131 ev ve seralar\u0131n yan\u0131 s\u0131ra tar\u0131m alanlar\u0131 da\u2026<\/p>\n","protected":false},"author":0,"featured_media":7488,"comment_status":"closed","ping_status":"closed","sticky":false,"template":"","format":"standard","meta":{"_yb_topic_hash":"802a337526f9056efb38b5c9581b1631c1c0337234cf1eda117ee8752806cec3","_yb_image_repair_status":"","_yb_image_repair_last":"","_yb_image_repair_attempts":0,"_yb_source_trust_score":0,"footnotes":""},"categories":[154],"tags":[],"yb_news_series":[],"yb_language":[],"class_list":["post-7487","post","type-post","status-publish","format-standard","has-post-thumbnail","hentry","category-turkiye"],"blocksy_meta":[],"_links":{"self":[{"href":"https:\/\/yurtbakisi.com\/index.php?rest_route=\/wp\/v2\/posts\/7487","targetHints":{"allow":["GET"]}}],"collection":[{"href":"https:\/\/yurtbakisi.com\/index.php?rest_route=\/wp\/v2\/posts"}],"about":[{"href":"https:\/\/yurtbakisi.com\/index.php?rest_route=\/wp\/v2\/types\/post"}],"replies":[{"embeddable":true,"href":"https:\/\/yurtbakisi.com\/index.php?rest_route=%2Fwp%2Fv2%2Fcomments&post=7487"}],"version-history":[{"count":1,"href":"https:\/\/yurtbakisi.com\/index.php?rest_route=\/wp\/v2\/posts\/7487\/revisions"}],"predecessor-version":[{"id":7489,"href":"https:\/\/yurtbakisi.com\/index.php?rest_route=\/wp\/v2\/posts\/7487\/revisions\/7489"}],"wp:featuredmedia":[{"embeddable":true,"href":"https:\/\/yurtbakisi.com\/index.php?rest_route=\/wp\/v2\/media\/7488"}],"wp:attachment":[{"href":"https:\/\/yurtbakisi.com\/index.php?rest_route=%2Fwp%2Fv2%2Fmedia&parent=7487"}],"wp:term":[{"taxonomy":"category","embeddable":true,"href":"https:\/\/yurtbakisi.com\/index.php?rest_route=%2Fwp%2Fv2%2Fcategories&post=7487"},{"taxonomy":"post_tag","embeddable":true,"href":"https:\/\/yurtbakisi.com\/index.php?rest_route=%2Fwp%2Fv2%2Ftags&post=7487"},{"taxonomy":"yb_news_series","embeddable":true,"href":"https:\/\/yurtbakisi.com\/index.php?rest_route=%2Fwp%2Fv2%2Fyb_news_series&post=7487"},{"taxonomy":"yb_language","embeddable":true,"href":"https:\/\/yurtbakisi.com\/index.php?rest_route=%2Fwp%2Fv2%2Fyb_language&post=7487"}],"curies":[{"name":"wp","href":"https:\/\/api.w.org\/{rel}","templated":true}]}}