{"id":7490,"date":"2026-08-30T21:57:17","date_gmt":"2026-08-30T18:57:17","guid":{"rendered":"https:\/\/yurtbakisi.com\/?p=7490"},"modified":"2026-08-30T21:57:24","modified_gmt":"2026-08-30T18:57:24","slug":"isgalci-israilden-bati-seriada-37-donumden-fazla-araziye-el-koyma-karari","status":"publish","type":"post","link":"https:\/\/yurtbakisi.com\/?p=7490","title":{"rendered":"\u0130\u015fgalci \u0130srail&#039;den, Bat\u0131 \u015eeria&#039;da 37 d\u00f6n\u00fcmden fazla araziye el koyma karar\u0131"},"content":{"rendered":"<p>\u0130\u015fgalci \u0130srail ordusunun Bat\u0131 \u015eeria&#039;n\u0131n Ramallah&#039;a ba\u011fl\u0131 Beytunya kentinde 37,5 d\u00f6n\u00fcm araziye el konulmas\u0131n\u0131 \u00f6ng\u00f6ren &quot;askeri emir&quot; \u00e7\u0131kard\u0131\u011f\u0131 duyuruldu.<\/p>\n<p><strong>Kaynak:<\/strong> TRT Haber \u2014 <a href=\"https:\/\/www.trthaber.com\/haber\/dunya\/isgalci-israilden-bati-seriada-37-donumden-fazla-araziye-el-koyma-karari-955377.html\" target=\"_blank\" rel=\"nofollow noopener\">Haberin devam\u0131n\u0131 \u00f6zg\u00fcn kayna\u011f\u0131nda oku<\/a><\/p>\n","protected":false},"excerpt":{"rendered":"<p>\u0130\u015fgalci \u0130srail ordusunun Bat\u0131 \u015eeria&#8217;n\u0131n Ramallah&#8217;a ba\u011fl\u0131 Beytunya kentinde 37,5 d\u00f6n\u00fcm araziye el konulmas\u0131n\u0131 \u00f6ng\u00f6ren &#8220;askeri emir&#8221; \u00e7\u0131kard\u0131\u011f\u0131 duyuruldu.<\/p>\n","protected":false},"author":0,"featured_media":7491,"comment_status":"closed","ping_status":"closed","sticky":false,"template":"","format":"standard","meta":{"_yb_topic_hash":"63481b43a6cc534f3704c3fd504c0061a928f534325771869b0d0a35d4b33f50","_yb_image_repair_status":"","_yb_image_repair_last":"","_yb_image_repair_attempts":0,"_yb_source_trust_score":0,"footnotes":""},"categories":[155],"tags":[],"yb_news_series":[],"yb_language":[],"class_list":["post-7490","post","type-post","status-publish","format-standard","has-post-thumbnail","hentry","category-dunya"],"blocksy_meta":[],"_links":{"self":[{"href":"https:\/\/yurtbakisi.com\/index.php?rest_route=\/wp\/v2\/posts\/7490","targetHints":{"allow":["GET"]}}],"collection":[{"href":"https:\/\/yurtbakisi.com\/index.php?rest_route=\/wp\/v2\/posts"}],"about":[{"href":"https:\/\/yurtbakisi.com\/index.php?rest_route=\/wp\/v2\/types\/post"}],"replies":[{"embeddable":true,"href":"https:\/\/yurtbakisi.com\/index.php?rest_route=%2Fwp%2Fv2%2Fcomments&post=7490"}],"version-history":[{"count":1,"href":"https:\/\/yurtbakisi.com\/index.php?rest_route=\/wp\/v2\/posts\/7490\/revisions"}],"predecessor-version":[{"id":7492,"href":"https:\/\/yurtbakisi.com\/index.php?rest_route=\/wp\/v2\/posts\/7490\/revisions\/7492"}],"wp:featuredmedia":[{"embeddable":true,"href":"https:\/\/yurtbakisi.com\/index.php?rest_route=\/wp\/v2\/media\/7491"}],"wp:attachment":[{"href":"https:\/\/yurtbakisi.com\/index.php?rest_route=%2Fwp%2Fv2%2Fmedia&parent=7490"}],"wp:term":[{"taxonomy":"category","embeddable":true,"href":"https:\/\/yurtbakisi.com\/index.php?rest_route=%2Fwp%2Fv2%2Fcategories&post=7490"},{"taxonomy":"post_tag","embeddable":true,"href":"https:\/\/yurtbakisi.com\/index.php?rest_route=%2Fwp%2Fv2%2Ftags&post=7490"},{"taxonomy":"yb_news_series","embeddable":true,"href":"https:\/\/yurtbakisi.com\/index.php?rest_route=%2Fwp%2Fv2%2Fyb_news_series&post=7490"},{"taxonomy":"yb_language","embeddable":true,"href":"https:\/\/yurtbakisi.com\/index.php?rest_route=%2Fwp%2Fv2%2Fyb_language&post=7490"}],"curies":[{"name":"wp","href":"https:\/\/api.w.org\/{rel}","templated":true}]}}