{"id":7551,"date":"2026-08-31T00:57:28","date_gmt":"2026-08-30T21:57:28","guid":{"rendered":"https:\/\/yurtbakisi.com\/?p=7551"},"modified":"2026-08-31T00:57:35","modified_gmt":"2026-08-30T21:57:35","slug":"bakan-guler-devlet-buyukleri-anit-mezarligini-ziyaret-etti","status":"publish","type":"post","link":"https:\/\/yurtbakisi.com\/?p=7551","title":{"rendered":"Bakan G\u00fcler, Devlet B\u00fcy\u00fckleri An\u0131t Mezarl\u0131\u011f\u0131&#039;n\u0131 ziyaret etti"},"content":{"rendered":"<p>Milli Savunma Bakan\u0131 Ya\u015far G\u00fcler, &quot;30 A\u011fustos&#039;ta elde edilen kutlu zafer, Milli M\u00fccadele&#039;nin askeri safhas\u0131n\u0131 ba\u015far\u0131ya ula\u015ft\u0131r\u0131rken milletimizin kendi kaderine sahip \u00e7\u0131kma iradesini de kesin bir bi\u00e7imde ortaya koymu\u015f, Cumhuriyetimizin kurulu\u015funa giden yolu a\u00e7m\u0131\u015ft\u0131r&quot; diye konu\u015ftu.<\/p>\n<p><strong>Kaynak:<\/strong> TRT Haber \u2014 <a href=\"https:\/\/www.trthaber.com\/haber\/gundem\/bakan-guler-devlet-buyukleri-anit-mezarligini-ziyaret-etti-955378.html\" target=\"_blank\" rel=\"nofollow noopener\">Haberin devam\u0131n\u0131 \u00f6zg\u00fcn kayna\u011f\u0131nda oku<\/a><\/p>\n","protected":false},"excerpt":{"rendered":"<p>Milli Savunma Bakan\u0131 Ya\u015far G\u00fcler, &#8220;30 A\u011fustos&#8217;ta elde edilen kutlu zafer, Milli M\u00fccadele&#8217;nin askeri safhas\u0131n\u0131 ba\u015far\u0131ya ula\u015ft\u0131r\u0131rken milletimizin kendi kaderine sahip \u00e7\u0131kma iradesini de kesin bir bi\u00e7imde ortaya koymu\u015f, Cumhuriyetimizin kurulu\u015funa giden yolu a\u00e7m\u0131\u015ft\u0131r&#8221;\u2026<\/p>\n","protected":false},"author":0,"featured_media":7552,"comment_status":"closed","ping_status":"closed","sticky":false,"template":"","format":"standard","meta":{"_yb_topic_hash":"a9bdde27d6f5387feb9bdb997d2381095868bab870b38d4481a4841bfc4535d7","_yb_image_repair_status":"","_yb_image_repair_last":"","_yb_image_repair_attempts":0,"_yb_source_trust_score":0,"footnotes":""},"categories":[153],"tags":[142],"yb_news_series":[],"yb_language":[],"class_list":["post-7551","post","type-post","status-publish","format-standard","has-post-thumbnail","hentry","category-gundem","tag-roportaj"],"blocksy_meta":[],"_links":{"self":[{"href":"https:\/\/yurtbakisi.com\/index.php?rest_route=\/wp\/v2\/posts\/7551","targetHints":{"allow":["GET"]}}],"collection":[{"href":"https:\/\/yurtbakisi.com\/index.php?rest_route=\/wp\/v2\/posts"}],"about":[{"href":"https:\/\/yurtbakisi.com\/index.php?rest_route=\/wp\/v2\/types\/post"}],"replies":[{"embeddable":true,"href":"https:\/\/yurtbakisi.com\/index.php?rest_route=%2Fwp%2Fv2%2Fcomments&post=7551"}],"version-history":[{"count":1,"href":"https:\/\/yurtbakisi.com\/index.php?rest_route=\/wp\/v2\/posts\/7551\/revisions"}],"predecessor-version":[{"id":7553,"href":"https:\/\/yurtbakisi.com\/index.php?rest_route=\/wp\/v2\/posts\/7551\/revisions\/7553"}],"wp:featuredmedia":[{"embeddable":true,"href":"https:\/\/yurtbakisi.com\/index.php?rest_route=\/wp\/v2\/media\/7552"}],"wp:attachment":[{"href":"https:\/\/yurtbakisi.com\/index.php?rest_route=%2Fwp%2Fv2%2Fmedia&parent=7551"}],"wp:term":[{"taxonomy":"category","embeddable":true,"href":"https:\/\/yurtbakisi.com\/index.php?rest_route=%2Fwp%2Fv2%2Fcategories&post=7551"},{"taxonomy":"post_tag","embeddable":true,"href":"https:\/\/yurtbakisi.com\/index.php?rest_route=%2Fwp%2Fv2%2Ftags&post=7551"},{"taxonomy":"yb_news_series","embeddable":true,"href":"https:\/\/yurtbakisi.com\/index.php?rest_route=%2Fwp%2Fv2%2Fyb_news_series&post=7551"},{"taxonomy":"yb_language","embeddable":true,"href":"https:\/\/yurtbakisi.com\/index.php?rest_route=%2Fwp%2Fv2%2Fyb_language&post=7551"}],"curies":[{"name":"wp","href":"https:\/\/api.w.org\/{rel}","templated":true}]}}