{"id":7568,"date":"2026-08-31T06:05:32","date_gmt":"2026-08-31T03:05:32","guid":{"rendered":"https:\/\/yurtbakisi.com\/?p=7568"},"modified":"2026-08-31T06:05:39","modified_gmt":"2026-08-31T03:05:39","slug":"disislerinden-kktcde-alabora-olan-gemide-hayatini-kaybedenler-icin-taziye-mesaji","status":"publish","type":"post","link":"https:\/\/yurtbakisi.com\/?p=7568","title":{"rendered":"D\u0131\u015fi\u015fleri&#039;nden KKTC&#039;de alabora olan gemide hayat\u0131n\u0131 kaybedenler i\u00e7in taziye mesaj\u0131"},"content":{"rendered":"<p>D\u0131\u015fi\u015fleri Bakanl\u0131\u011f\u0131, Kuzey K\u0131br\u0131s T\u00fcrk Cumhuriyeti&#039;nin (KKTC) Girne Liman\u0131&#039;ndan Mersin&#039;deki Ta\u015fucu Liman\u0131&#039;na gitmek \u00fczere hareket eden yolcu gemisinin alabora olmas\u0131 sonucu ya\u015fanan can kay\u0131plar\u0131ndan derin \u00fcz\u00fcnt\u00fc duyuldu\u011funu belirtti.<\/p>\n<p><strong>Kaynak:<\/strong> TRT Haber \u2014 <a href=\"https:\/\/www.trthaber.com\/haber\/gundem\/disislerinden-kktcde-alabora-olan-gemide-hayatini-kaybedenler-icin-taziye-mesaji-955398.html\" target=\"_blank\" rel=\"nofollow noopener\">Haberin devam\u0131n\u0131 \u00f6zg\u00fcn kayna\u011f\u0131nda oku<\/a><\/p>\n","protected":false},"excerpt":{"rendered":"<p>D\u0131\u015fi\u015fleri Bakanl\u0131\u011f\u0131, Kuzey K\u0131br\u0131s T\u00fcrk Cumhuriyeti&#8217;nin (KKTC) Girne Liman\u0131&#8217;ndan Mersin&#8217;deki Ta\u015fucu Liman\u0131&#8217;na gitmek \u00fczere hareket eden yolcu gemisinin alabora olmas\u0131 sonucu ya\u015fanan can kay\u0131plar\u0131ndan derin \u00fcz\u00fcnt\u00fc duyuldu\u011funu belirtti.<\/p>\n","protected":false},"author":0,"featured_media":7569,"comment_status":"closed","ping_status":"closed","sticky":false,"template":"","format":"standard","meta":{"_yb_topic_hash":"f6df29f81e00aebe7f0b7af833704b24bbaf3960017f55f8b7ea989cf1f22be9","_yb_image_repair_status":"","_yb_image_repair_last":"","_yb_image_repair_attempts":0,"_yb_source_trust_score":0,"footnotes":""},"categories":[153],"tags":[107],"yb_news_series":[],"yb_language":[],"class_list":["post-7568","post","type-post","status-publish","format-standard","has-post-thumbnail","hentry","category-gundem","tag-cemiyet"],"blocksy_meta":[],"_links":{"self":[{"href":"https:\/\/yurtbakisi.com\/index.php?rest_route=\/wp\/v2\/posts\/7568","targetHints":{"allow":["GET"]}}],"collection":[{"href":"https:\/\/yurtbakisi.com\/index.php?rest_route=\/wp\/v2\/posts"}],"about":[{"href":"https:\/\/yurtbakisi.com\/index.php?rest_route=\/wp\/v2\/types\/post"}],"replies":[{"embeddable":true,"href":"https:\/\/yurtbakisi.com\/index.php?rest_route=%2Fwp%2Fv2%2Fcomments&post=7568"}],"version-history":[{"count":1,"href":"https:\/\/yurtbakisi.com\/index.php?rest_route=\/wp\/v2\/posts\/7568\/revisions"}],"predecessor-version":[{"id":7570,"href":"https:\/\/yurtbakisi.com\/index.php?rest_route=\/wp\/v2\/posts\/7568\/revisions\/7570"}],"wp:featuredmedia":[{"embeddable":true,"href":"https:\/\/yurtbakisi.com\/index.php?rest_route=\/wp\/v2\/media\/7569"}],"wp:attachment":[{"href":"https:\/\/yurtbakisi.com\/index.php?rest_route=%2Fwp%2Fv2%2Fmedia&parent=7568"}],"wp:term":[{"taxonomy":"category","embeddable":true,"href":"https:\/\/yurtbakisi.com\/index.php?rest_route=%2Fwp%2Fv2%2Fcategories&post=7568"},{"taxonomy":"post_tag","embeddable":true,"href":"https:\/\/yurtbakisi.com\/index.php?rest_route=%2Fwp%2Fv2%2Ftags&post=7568"},{"taxonomy":"yb_news_series","embeddable":true,"href":"https:\/\/yurtbakisi.com\/index.php?rest_route=%2Fwp%2Fv2%2Fyb_news_series&post=7568"},{"taxonomy":"yb_language","embeddable":true,"href":"https:\/\/yurtbakisi.com\/index.php?rest_route=%2Fwp%2Fv2%2Fyb_language&post=7568"}],"curies":[{"name":"wp","href":"https:\/\/api.w.org\/{rel}","templated":true}]}}