{"id":7572,"date":"2026-08-31T07:00:29","date_gmt":"2026-08-31T04:00:29","guid":{"rendered":"https:\/\/yurtbakisi.com\/?p=7572"},"modified":"2026-08-31T07:00:38","modified_gmt":"2026-08-31T04:00:38","slug":"kktcde-3-gunluk-yas-ilan-edildi","status":"publish","type":"post","link":"https:\/\/yurtbakisi.com\/?p=7572","title":{"rendered":"KKTC&#039;de 3 g\u00fcnl\u00fck yas ilan edildi"},"content":{"rendered":"<p>Kuzey K\u0131br\u0131s T\u00fcrk Cumhuriyeti&#039;nde Girne a\u00e7\u0131klar\u0131nda meydana gelen deniz felaketi sonucu ya\u015fanan can kay\u0131plar\u0131 nedeniyle 3 g\u00fcnl\u00fck ulusal yas ilan edilmesine karar verildi.<\/p>\n<p><strong>Kaynak:<\/strong> TRT Haber \u2014 <a href=\"https:\/\/www.trthaber.com\/haber\/gundem\/kktcde-3-gunluk-yas-ilan-edildi-955394.html\" target=\"_blank\" rel=\"nofollow noopener\">Haberin devam\u0131n\u0131 \u00f6zg\u00fcn kayna\u011f\u0131nda oku<\/a><\/p>\n","protected":false},"excerpt":{"rendered":"<p>Kuzey K\u0131br\u0131s T\u00fcrk Cumhuriyeti&#8217;nde Girne a\u00e7\u0131klar\u0131nda meydana gelen deniz felaketi sonucu ya\u015fanan can kay\u0131plar\u0131 nedeniyle 3 g\u00fcnl\u00fck ulusal yas ilan edilmesine karar verildi.<\/p>\n","protected":false},"author":0,"featured_media":7573,"comment_status":"closed","ping_status":"closed","sticky":false,"template":"","format":"standard","meta":{"_yb_topic_hash":"32f301087745a44522e7bf5a4177c7d1c2a44d06754ebabb356108718759f270","_yb_image_repair_status":"","_yb_image_repair_last":"","_yb_image_repair_attempts":0,"_yb_source_trust_score":0,"footnotes":""},"categories":[153],"tags":[110],"yb_news_series":[],"yb_language":[],"class_list":["post-7572","post","type-post","status-publish","format-standard","has-post-thumbnail","hentry","category-gundem","tag-unluler"],"blocksy_meta":[],"_links":{"self":[{"href":"https:\/\/yurtbakisi.com\/index.php?rest_route=\/wp\/v2\/posts\/7572","targetHints":{"allow":["GET"]}}],"collection":[{"href":"https:\/\/yurtbakisi.com\/index.php?rest_route=\/wp\/v2\/posts"}],"about":[{"href":"https:\/\/yurtbakisi.com\/index.php?rest_route=\/wp\/v2\/types\/post"}],"replies":[{"embeddable":true,"href":"https:\/\/yurtbakisi.com\/index.php?rest_route=%2Fwp%2Fv2%2Fcomments&post=7572"}],"version-history":[{"count":1,"href":"https:\/\/yurtbakisi.com\/index.php?rest_route=\/wp\/v2\/posts\/7572\/revisions"}],"predecessor-version":[{"id":7574,"href":"https:\/\/yurtbakisi.com\/index.php?rest_route=\/wp\/v2\/posts\/7572\/revisions\/7574"}],"wp:featuredmedia":[{"embeddable":true,"href":"https:\/\/yurtbakisi.com\/index.php?rest_route=\/wp\/v2\/media\/7573"}],"wp:attachment":[{"href":"https:\/\/yurtbakisi.com\/index.php?rest_route=%2Fwp%2Fv2%2Fmedia&parent=7572"}],"wp:term":[{"taxonomy":"category","embeddable":true,"href":"https:\/\/yurtbakisi.com\/index.php?rest_route=%2Fwp%2Fv2%2Fcategories&post=7572"},{"taxonomy":"post_tag","embeddable":true,"href":"https:\/\/yurtbakisi.com\/index.php?rest_route=%2Fwp%2Fv2%2Ftags&post=7572"},{"taxonomy":"yb_news_series","embeddable":true,"href":"https:\/\/yurtbakisi.com\/index.php?rest_route=%2Fwp%2Fv2%2Fyb_news_series&post=7572"},{"taxonomy":"yb_language","embeddable":true,"href":"https:\/\/yurtbakisi.com\/index.php?rest_route=%2Fwp%2Fv2%2Fyb_language&post=7572"}],"curies":[{"name":"wp","href":"https:\/\/api.w.org\/{rel}","templated":true}]}}