{"id":7581,"date":"2026-08-31T08:01:24","date_gmt":"2026-08-31T05:01:24","guid":{"rendered":"https:\/\/yurtbakisi.com\/?p=7581"},"modified":"2026-08-31T08:01:31","modified_gmt":"2026-08-31T05:01:31","slug":"turkiyeden-kktcye-arama-kurtarma-destegi","status":"publish","type":"post","link":"https:\/\/yurtbakisi.com\/?p=7581","title":{"rendered":"T\u00fcrkiye&#039;den KKTC&#039;ye arama kurtarma deste\u011fi"},"content":{"rendered":"<p>\u0130\u00e7i\u015fleri Bakanl\u0131\u011f\u0131, Girne-Ta\u015fucu seferini yapan ve i\u00e7erisinde 267 ki\u015finin bulundu\u011fu &quot;F\u0130LOJET&quot; isimli yolcu gemisinin su almas\u0131 \u00fczerine b\u00f6lgede geni\u015f \u00e7apl\u0131 arama kurtarma \u00e7al\u0131\u015fmas\u0131 ba\u015flat\u0131ld\u0131\u011f\u0131n\u0131 bildirdi.<\/p>\n<p><strong>Kaynak:<\/strong> TRT Haber \u2014 <a href=\"https:\/\/www.trthaber.com\/haber\/gundem\/turkiyeden-kktcye-arama-kurtarma-destegi-955372.html\" target=\"_blank\" rel=\"nofollow noopener\">Haberin devam\u0131n\u0131 \u00f6zg\u00fcn kayna\u011f\u0131nda oku<\/a><\/p>\n","protected":false},"excerpt":{"rendered":"<p>\u0130\u00e7i\u015fleri Bakanl\u0131\u011f\u0131, Girne-Ta\u015fucu seferini yapan ve i\u00e7erisinde 267 ki\u015finin bulundu\u011fu &#8220;F\u0130LOJET&#8221; isimli yolcu gemisinin su almas\u0131 \u00fczerine b\u00f6lgede geni\u015f \u00e7apl\u0131 arama kurtarma \u00e7al\u0131\u015fmas\u0131 ba\u015flat\u0131ld\u0131\u011f\u0131n\u0131 bildirdi.<\/p>\n","protected":false},"author":0,"featured_media":7582,"comment_status":"closed","ping_status":"closed","sticky":false,"template":"","format":"standard","meta":{"_yb_topic_hash":"ca32c13f020158e3b3fbb05734571d9f0e5ec59ed90b512f5f57fe9b9335944b","_yb_image_repair_status":"","_yb_image_repair_last":"","_yb_image_repair_attempts":0,"_yb_source_trust_score":0,"footnotes":""},"categories":[153],"tags":[],"yb_news_series":[],"yb_language":[],"class_list":["post-7581","post","type-post","status-publish","format-standard","has-post-thumbnail","hentry","category-gundem"],"blocksy_meta":[],"_links":{"self":[{"href":"https:\/\/yurtbakisi.com\/index.php?rest_route=\/wp\/v2\/posts\/7581","targetHints":{"allow":["GET"]}}],"collection":[{"href":"https:\/\/yurtbakisi.com\/index.php?rest_route=\/wp\/v2\/posts"}],"about":[{"href":"https:\/\/yurtbakisi.com\/index.php?rest_route=\/wp\/v2\/types\/post"}],"replies":[{"embeddable":true,"href":"https:\/\/yurtbakisi.com\/index.php?rest_route=%2Fwp%2Fv2%2Fcomments&post=7581"}],"version-history":[{"count":1,"href":"https:\/\/yurtbakisi.com\/index.php?rest_route=\/wp\/v2\/posts\/7581\/revisions"}],"predecessor-version":[{"id":7583,"href":"https:\/\/yurtbakisi.com\/index.php?rest_route=\/wp\/v2\/posts\/7581\/revisions\/7583"}],"wp:featuredmedia":[{"embeddable":true,"href":"https:\/\/yurtbakisi.com\/index.php?rest_route=\/wp\/v2\/media\/7582"}],"wp:attachment":[{"href":"https:\/\/yurtbakisi.com\/index.php?rest_route=%2Fwp%2Fv2%2Fmedia&parent=7581"}],"wp:term":[{"taxonomy":"category","embeddable":true,"href":"https:\/\/yurtbakisi.com\/index.php?rest_route=%2Fwp%2Fv2%2Fcategories&post=7581"},{"taxonomy":"post_tag","embeddable":true,"href":"https:\/\/yurtbakisi.com\/index.php?rest_route=%2Fwp%2Fv2%2Ftags&post=7581"},{"taxonomy":"yb_news_series","embeddable":true,"href":"https:\/\/yurtbakisi.com\/index.php?rest_route=%2Fwp%2Fv2%2Fyb_news_series&post=7581"},{"taxonomy":"yb_language","embeddable":true,"href":"https:\/\/yurtbakisi.com\/index.php?rest_route=%2Fwp%2Fv2%2Fyb_language&post=7581"}],"curies":[{"name":"wp","href":"https:\/\/api.w.org\/{rel}","templated":true}]}}