{"id":7584,"date":"2026-08-31T08:12:08","date_gmt":"2026-08-31T05:12:08","guid":{"rendered":"https:\/\/yurtbakisi.com\/?p=7584"},"modified":"2026-08-31T08:12:08","modified_gmt":"2026-08-31T05:12:08","slug":"burak-ozcivitten-elestirilere-yanit-ailemizi-rahat-birakin-haberturk","status":"publish","type":"post","link":"https:\/\/yurtbakisi.com\/?p=7584","title":{"rendered":"Burak \u00d6z\u00e7ivit&#8217;ten ele\u015ftirilere yan\u0131t: Ailemizi rahat b\u0131rak\u0131n! &#8211; Habert\u00fcrk"},"content":{"rendered":"<div class=\"yb-imported-news-note\">\n<p>Burak \u00d6z\u00e7ivit&#039;ten ele\u015ftirilere yan\u0131t: Ailemizi rahat b\u0131rak\u0131n! Habert\u00fcrk<\/p>\n<p><strong>Kaynak:<\/strong> Canl\u0131 Ak\u0131\u015f \u2014 Magazin \u2014 Ayr\u0131nt\u0131lar ve tam i\u00e7erik i\u00e7in <a href=\"https:\/\/news.google.com\/rss\/articles\/CBMiqgFBVV95cUxPNlRUT01QY1d6RG1CbklPQTA2cG5RWlV5WlZxZUU2Z21aeGQzQl96SndxZjlGZ1NaSUhubnZpd0FxamJuUHhwM2JDemxCY0kxNV9sS1g1VnVzOGVfYWctQnBCR2FJUlNRSUtJU1RBbEkxTGVNUUVLVHlqVmwzTG12VEpCejAxMFJ1NjB4dXQ4OTZ6WHczSFJTckZMY2xQcHM3Y2VjQXRGS2xiZw?oc=5\" target=\"_blank\" rel=\"nofollow noopener noreferrer\">\u00f6zg\u00fcn haberi a\u00e7\u0131n<\/a>.<\/p>\n<p><small>Bu kay\u0131t RSS haber havuzuna k\u0131sa kaynak \u00f6zeti olarak al\u0131nm\u0131\u015ft\u0131r; \u00f6zg\u00fcn metnin tamam\u0131 kopyalanmam\u0131\u015ft\u0131r.<\/small><\/p>\n<\/div>\n","protected":false},"excerpt":{"rendered":"<p>Burak \u00d6z\u00e7ivit&#8217;ten ele\u015ftirilere yan\u0131t: Ailemizi rahat b\u0131rak\u0131n! Habert\u00fcrk<\/p>\n","protected":false},"author":1,"featured_media":0,"comment_status":"closed","ping_status":"closed","sticky":false,"template":"","format":"standard","meta":{"_yb_topic_hash":"7f59f895ed242d39a81dc290b846f6c305f25eebcd9785916aa1a8bd35586c03","_yb_image_repair_status":"failed","_yb_image_repair_last":"2026-08-31 08:56:59","_yb_image_repair_attempts":1,"_yb_source_trust_score":93,"footnotes":""},"categories":[15],"tags":[108],"yb_news_series":[],"yb_language":[],"class_list":["post-7584","post","type-post","status-publish","format-standard","has-post-thumbnail","hentry","category-magazin","tag-canli-akis-magazin"],"blocksy_meta":[],"_links":{"self":[{"href":"https:\/\/yurtbakisi.com\/index.php?rest_route=\/wp\/v2\/posts\/7584","targetHints":{"allow":["GET"]}}],"collection":[{"href":"https:\/\/yurtbakisi.com\/index.php?rest_route=\/wp\/v2\/posts"}],"about":[{"href":"https:\/\/yurtbakisi.com\/index.php?rest_route=\/wp\/v2\/types\/post"}],"author":[{"embeddable":true,"href":"https:\/\/yurtbakisi.com\/index.php?rest_route=\/wp\/v2\/users\/1"}],"replies":[{"embeddable":true,"href":"https:\/\/yurtbakisi.com\/index.php?rest_route=%2Fwp%2Fv2%2Fcomments&post=7584"}],"version-history":[{"count":0,"href":"https:\/\/yurtbakisi.com\/index.php?rest_route=\/wp\/v2\/posts\/7584\/revisions"}],"wp:attachment":[{"href":"https:\/\/yurtbakisi.com\/index.php?rest_route=%2Fwp%2Fv2%2Fmedia&parent=7584"}],"wp:term":[{"taxonomy":"category","embeddable":true,"href":"https:\/\/yurtbakisi.com\/index.php?rest_route=%2Fwp%2Fv2%2Fcategories&post=7584"},{"taxonomy":"post_tag","embeddable":true,"href":"https:\/\/yurtbakisi.com\/index.php?rest_route=%2Fwp%2Fv2%2Ftags&post=7584"},{"taxonomy":"yb_news_series","embeddable":true,"href":"https:\/\/yurtbakisi.com\/index.php?rest_route=%2Fwp%2Fv2%2Fyb_news_series&post=7584"},{"taxonomy":"yb_language","embeddable":true,"href":"https:\/\/yurtbakisi.com\/index.php?rest_route=%2Fwp%2Fv2%2Fyb_language&post=7584"}],"curies":[{"name":"wp","href":"https:\/\/api.w.org\/{rel}","templated":true}]}}