{"id":7586,"date":"2026-08-31T08:01:00","date_gmt":"2026-08-31T05:01:00","guid":{"rendered":"https:\/\/yurtbakisi.com\/?p=7586"},"modified":"2026-08-31T08:01:00","modified_gmt":"2026-08-31T05:01:00","slug":"deniz-ugur-aylar-sonra-sessizligini-bozdu-hayatimizi-yeniden-yapilandiriyoruz-posta","status":"publish","type":"post","link":"https:\/\/yurtbakisi.com\/?p=7586","title":{"rendered":"Deniz U\u011fur aylar sonra sessizli\u011fini bozdu! &#8216;Hayat\u0131m\u0131z\u0131 yeniden yap\u0131land\u0131r\u0131yoruz&#8217; &#8211; Posta"},"content":{"rendered":"<div class=\"yb-imported-news-note\">\n<p>Deniz U\u011fur aylar sonra sessizli\u011fini bozdu! &#039;Hayat\u0131m\u0131z\u0131 yeniden yap\u0131land\u0131r\u0131yoruz&#039; Posta<\/p>\n<p><strong>Kaynak:<\/strong> Canl\u0131 Ak\u0131\u015f \u2014 Magazin \u2014 Ayr\u0131nt\u0131lar ve tam i\u00e7erik i\u00e7in <a href=\"https:\/\/news.google.com\/rss\/articles\/CBMiuAFBVV95cUxNakFVQXotYzNERm9iX0NTYUNETlZIVFhGZldhWWNNVTJEb2lrMDJYWHU5QkJ3ajV1NEpXUkxWNkp6Y1BZZU85SS0xcUZ6cmJDVk90YkVoZW0zRTNIc09xd1pWWlVOYWlnY0Q2TG1lQ3NmQWwwc1FiM21WYlhHTE9qMnFkNmotYkJjQ3ROQ3R3NnItMkdmX3VIRVM1VFQ5aHJDYjlETlhCUjdBM29HTWdYRk83cDlPeUtW?oc=5\" target=\"_blank\" rel=\"nofollow noopener noreferrer\">\u00f6zg\u00fcn haberi a\u00e7\u0131n<\/a>.<\/p>\n<p><small>Bu kay\u0131t RSS haber havuzuna k\u0131sa kaynak \u00f6zeti olarak al\u0131nm\u0131\u015ft\u0131r; \u00f6zg\u00fcn metnin tamam\u0131 kopyalanmam\u0131\u015ft\u0131r.<\/small><\/p>\n<\/div>\n","protected":false},"excerpt":{"rendered":"<p>Deniz U\u011fur aylar sonra sessizli\u011fini bozdu! &#8216;Hayat\u0131m\u0131z\u0131 yeniden yap\u0131land\u0131r\u0131yoruz&#8217; Posta<\/p>\n","protected":false},"author":1,"featured_media":0,"comment_status":"closed","ping_status":"closed","sticky":false,"template":"","format":"standard","meta":{"_yb_topic_hash":"ad16b687f6a55f89dc408674669964670afe2bac2d7ecd30be7aaae786cdce8c","_yb_image_repair_status":"","_yb_image_repair_last":"","_yb_image_repair_attempts":0,"_yb_source_trust_score":93,"footnotes":""},"categories":[15],"tags":[108],"yb_news_series":[],"yb_language":[],"class_list":["post-7586","post","type-post","status-publish","format-standard","has-post-thumbnail","hentry","category-magazin","tag-canli-akis-magazin"],"blocksy_meta":[],"_links":{"self":[{"href":"https:\/\/yurtbakisi.com\/index.php?rest_route=\/wp\/v2\/posts\/7586","targetHints":{"allow":["GET"]}}],"collection":[{"href":"https:\/\/yurtbakisi.com\/index.php?rest_route=\/wp\/v2\/posts"}],"about":[{"href":"https:\/\/yurtbakisi.com\/index.php?rest_route=\/wp\/v2\/types\/post"}],"author":[{"embeddable":true,"href":"https:\/\/yurtbakisi.com\/index.php?rest_route=\/wp\/v2\/users\/1"}],"replies":[{"embeddable":true,"href":"https:\/\/yurtbakisi.com\/index.php?rest_route=%2Fwp%2Fv2%2Fcomments&post=7586"}],"version-history":[{"count":0,"href":"https:\/\/yurtbakisi.com\/index.php?rest_route=\/wp\/v2\/posts\/7586\/revisions"}],"wp:attachment":[{"href":"https:\/\/yurtbakisi.com\/index.php?rest_route=%2Fwp%2Fv2%2Fmedia&parent=7586"}],"wp:term":[{"taxonomy":"category","embeddable":true,"href":"https:\/\/yurtbakisi.com\/index.php?rest_route=%2Fwp%2Fv2%2Fcategories&post=7586"},{"taxonomy":"post_tag","embeddable":true,"href":"https:\/\/yurtbakisi.com\/index.php?rest_route=%2Fwp%2Fv2%2Ftags&post=7586"},{"taxonomy":"yb_news_series","embeddable":true,"href":"https:\/\/yurtbakisi.com\/index.php?rest_route=%2Fwp%2Fv2%2Fyb_news_series&post=7586"},{"taxonomy":"yb_language","embeddable":true,"href":"https:\/\/yurtbakisi.com\/index.php?rest_route=%2Fwp%2Fv2%2Fyb_language&post=7586"}],"curies":[{"name":"wp","href":"https:\/\/api.w.org\/{rel}","templated":true}]}}