{"id":7590,"date":"2026-08-31T08:44:33","date_gmt":"2026-08-31T05:44:33","guid":{"rendered":"https:\/\/yurtbakisi.com\/?p=7590"},"modified":"2026-08-31T08:44:33","modified_gmt":"2026-08-31T05:44:33","slug":"tuba-unsal-objektiflere-aldirmadi-denizde-sohbet-etti-posta","status":"publish","type":"post","link":"https:\/\/yurtbakisi.com\/?p=7590","title":{"rendered":"Tuba \u00dcnsal objektiflere ald\u0131rmad\u0131, denizde sohbet etti &#8211; Posta"},"content":{"rendered":"<div class=\"yb-imported-news-note\">\n<p>Tuba \u00dcnsal objektiflere ald\u0131rmad\u0131, denizde sohbet etti Posta<\/p>\n<p><strong>Kaynak:<\/strong> Canl\u0131 Ak\u0131\u015f \u2014 Magazin \u2014 Ayr\u0131nt\u0131lar ve tam i\u00e7erik i\u00e7in <a href=\"https:\/\/news.google.com\/rss\/articles\/CBMimgFBVV95cUxPS2dUVUtvdUgwbHhrQm9wOWhRSXBDRXB6MGVVZ0hENk9BQVEtdFJnVlc0cXZINkw2bUJObW9VV3R4U3Vjc05Ga2FEel9sTFBzOXFEVGxWOG9aOGdiUmRIOUJaYkIzYTVGdGRwUDd0eWo1Yl9oMnBaZ0dyRDNVbUhvczA1eW1vR1phcmlMRE5SVGVtNHlNUGM0TDZ3?oc=5\" target=\"_blank\" rel=\"nofollow noopener noreferrer\">\u00f6zg\u00fcn haberi a\u00e7\u0131n<\/a>.<\/p>\n<p><small>Bu kay\u0131t RSS haber havuzuna k\u0131sa kaynak \u00f6zeti olarak al\u0131nm\u0131\u015ft\u0131r; \u00f6zg\u00fcn metnin tamam\u0131 kopyalanmam\u0131\u015ft\u0131r.<\/small><\/p>\n<\/div>\n","protected":false},"excerpt":{"rendered":"<p>Tuba \u00dcnsal objektiflere ald\u0131rmad\u0131, denizde sohbet etti Posta<\/p>\n","protected":false},"author":1,"featured_media":0,"comment_status":"closed","ping_status":"closed","sticky":false,"template":"","format":"standard","meta":{"_yb_topic_hash":"ec3929e7cbb913ec00062b10a886021e8b9b05a5956469d0ef97ac8022e52e2d","_yb_image_repair_status":"failed","_yb_image_repair_last":"2026-08-31 08:56:59","_yb_image_repair_attempts":1,"_yb_source_trust_score":93,"footnotes":""},"categories":[15],"tags":[108,130],"yb_news_series":[],"yb_language":[],"class_list":["post-7590","post","type-post","status-publish","format-standard","has-post-thumbnail","hentry","category-magazin","tag-canli-akis-magazin","tag-foto-galeri"],"blocksy_meta":[],"_links":{"self":[{"href":"https:\/\/yurtbakisi.com\/index.php?rest_route=\/wp\/v2\/posts\/7590","targetHints":{"allow":["GET"]}}],"collection":[{"href":"https:\/\/yurtbakisi.com\/index.php?rest_route=\/wp\/v2\/posts"}],"about":[{"href":"https:\/\/yurtbakisi.com\/index.php?rest_route=\/wp\/v2\/types\/post"}],"author":[{"embeddable":true,"href":"https:\/\/yurtbakisi.com\/index.php?rest_route=\/wp\/v2\/users\/1"}],"replies":[{"embeddable":true,"href":"https:\/\/yurtbakisi.com\/index.php?rest_route=%2Fwp%2Fv2%2Fcomments&post=7590"}],"version-history":[{"count":0,"href":"https:\/\/yurtbakisi.com\/index.php?rest_route=\/wp\/v2\/posts\/7590\/revisions"}],"wp:attachment":[{"href":"https:\/\/yurtbakisi.com\/index.php?rest_route=%2Fwp%2Fv2%2Fmedia&parent=7590"}],"wp:term":[{"taxonomy":"category","embeddable":true,"href":"https:\/\/yurtbakisi.com\/index.php?rest_route=%2Fwp%2Fv2%2Fcategories&post=7590"},{"taxonomy":"post_tag","embeddable":true,"href":"https:\/\/yurtbakisi.com\/index.php?rest_route=%2Fwp%2Fv2%2Ftags&post=7590"},{"taxonomy":"yb_news_series","embeddable":true,"href":"https:\/\/yurtbakisi.com\/index.php?rest_route=%2Fwp%2Fv2%2Fyb_news_series&post=7590"},{"taxonomy":"yb_language","embeddable":true,"href":"https:\/\/yurtbakisi.com\/index.php?rest_route=%2Fwp%2Fv2%2Fyb_language&post=7590"}],"curies":[{"name":"wp","href":"https:\/\/api.w.org\/{rel}","templated":true}]}}