{"id":7591,"date":"2026-08-31T09:02:49","date_gmt":"2026-08-31T06:02:49","guid":{"rendered":"https:\/\/yurtbakisi.com\/?p=7591"},"modified":"2026-08-31T09:02:56","modified_gmt":"2026-08-31T06:02:56","slug":"bakan-simsek-g20-toplantisi-icin-abdde","status":"publish","type":"post","link":"https:\/\/yurtbakisi.com\/?p=7591","title":{"rendered":"Bakan \u015eim\u015fek, G20 toplant\u0131s\u0131 i\u00e7in ABD&#039;de"},"content":{"rendered":"<p>Hazine ve Maliye Bakan\u0131 Mehmet \u015eim\u015fek, ABD&#039;de d\u00fczenlenecek G20 Maliye Bakanlar\u0131 ve Merkez Bankas\u0131 Ba\u015fkanlar\u0131 Toplant\u0131s\u0131&#039;na kat\u0131lacak. Bakan \u015eim\u015fek&#039;in, toplant\u0131lar kapsam\u0131nda mevkida\u015flar\u0131 ve uluslararas\u0131 finansal kurulu\u015flar\u0131n ba\u015fkanlar\u0131yla ikili g\u00f6r\u00fc\u015fmeler ger\u00e7ekle\u015ftirmesi bekleniyor.<\/p>\n<p><strong>Kaynak:<\/strong> TRT Haber \u2014 <a href=\"https:\/\/www.trthaber.com\/haber\/ekonomi\/bakan-simsek-g20-toplantisi-icin-abdde-955415.html\" target=\"_blank\" rel=\"nofollow noopener\">Haberin devam\u0131n\u0131 \u00f6zg\u00fcn kayna\u011f\u0131nda oku<\/a><\/p>\n","protected":false},"excerpt":{"rendered":"<p>Hazine ve Maliye Bakan\u0131 Mehmet \u015eim\u015fek, ABD&#8217;de d\u00fczenlenecek G20 Maliye Bakanlar\u0131 ve Merkez Bankas\u0131 Ba\u015fkanlar\u0131 Toplant\u0131s\u0131&#8217;na kat\u0131lacak. Bakan \u015eim\u015fek&#8217;in, toplant\u0131lar kapsam\u0131nda mevkida\u015flar\u0131 ve uluslararas\u0131 finansal kurulu\u015flar\u0131n ba\u015fkanlar\u0131yla ikili g\u00f6r\u00fc\u015fmeler ger\u00e7ekle\u015ftirmesi bekleniyor.<\/p>\n","protected":false},"author":0,"featured_media":7592,"comment_status":"closed","ping_status":"closed","sticky":false,"template":"","format":"standard","meta":{"_yb_topic_hash":"d18f9986eee71e53b511091be417729972a328505c65fec229c7157319f61557","_yb_image_repair_status":"","_yb_image_repair_last":"","_yb_image_repair_attempts":0,"_yb_source_trust_score":0,"footnotes":""},"categories":[156],"tags":[],"yb_news_series":[],"yb_language":[],"class_list":["post-7591","post","type-post","status-publish","format-standard","has-post-thumbnail","hentry","category-ekonomi"],"blocksy_meta":[],"_links":{"self":[{"href":"https:\/\/yurtbakisi.com\/index.php?rest_route=\/wp\/v2\/posts\/7591","targetHints":{"allow":["GET"]}}],"collection":[{"href":"https:\/\/yurtbakisi.com\/index.php?rest_route=\/wp\/v2\/posts"}],"about":[{"href":"https:\/\/yurtbakisi.com\/index.php?rest_route=\/wp\/v2\/types\/post"}],"replies":[{"embeddable":true,"href":"https:\/\/yurtbakisi.com\/index.php?rest_route=%2Fwp%2Fv2%2Fcomments&post=7591"}],"version-history":[{"count":1,"href":"https:\/\/yurtbakisi.com\/index.php?rest_route=\/wp\/v2\/posts\/7591\/revisions"}],"predecessor-version":[{"id":7593,"href":"https:\/\/yurtbakisi.com\/index.php?rest_route=\/wp\/v2\/posts\/7591\/revisions\/7593"}],"wp:featuredmedia":[{"embeddable":true,"href":"https:\/\/yurtbakisi.com\/index.php?rest_route=\/wp\/v2\/media\/7592"}],"wp:attachment":[{"href":"https:\/\/yurtbakisi.com\/index.php?rest_route=%2Fwp%2Fv2%2Fmedia&parent=7591"}],"wp:term":[{"taxonomy":"category","embeddable":true,"href":"https:\/\/yurtbakisi.com\/index.php?rest_route=%2Fwp%2Fv2%2Fcategories&post=7591"},{"taxonomy":"post_tag","embeddable":true,"href":"https:\/\/yurtbakisi.com\/index.php?rest_route=%2Fwp%2Fv2%2Ftags&post=7591"},{"taxonomy":"yb_news_series","embeddable":true,"href":"https:\/\/yurtbakisi.com\/index.php?rest_route=%2Fwp%2Fv2%2Fyb_news_series&post=7591"},{"taxonomy":"yb_language","embeddable":true,"href":"https:\/\/yurtbakisi.com\/index.php?rest_route=%2Fwp%2Fv2%2Fyb_language&post=7591"}],"curies":[{"name":"wp","href":"https:\/\/api.w.org\/{rel}","templated":true}]}}