{"id":7594,"date":"2026-08-31T09:03:03","date_gmt":"2026-08-31T06:03:03","guid":{"rendered":"https:\/\/yurtbakisi.com\/?p=7594"},"modified":"2026-08-31T09:03:10","modified_gmt":"2026-08-31T06:03:10","slug":"yarali-halde-tramvaya-binen-kisi-yolcularin-ihbariyla-hastaneye-kaldirildi","status":"publish","type":"post","link":"https:\/\/yurtbakisi.com\/?p=7594","title":{"rendered":"Yaral\u0131 halde tramvaya binen ki\u015fi yolcular\u0131n ihbar\u0131yla hastaneye kald\u0131r\u0131ld\u0131"},"content":{"rendered":"<p>Kayseri&#039;de silahla yaraland\u0131ktan sonra tramvaya binen ki\u015fi, durumunu fark eden yolcular\u0131n ihbar\u0131 \u00fczerine hastanede tedavi alt\u0131na al\u0131nd\u0131.<\/p>\n<p><strong>Kaynak:<\/strong> TRT Haber \u2014 <a href=\"https:\/\/www.trthaber.com\/haber\/turkiye\/yarali-halde-tramvaya-binen-kisi-yolcularin-ihbariyla-hastaneye-kaldirildi-955408.html\" target=\"_blank\" rel=\"nofollow noopener\">Haberin devam\u0131n\u0131 \u00f6zg\u00fcn kayna\u011f\u0131nda oku<\/a><\/p>\n","protected":false},"excerpt":{"rendered":"<p>Kayseri&#8217;de silahla yaraland\u0131ktan sonra tramvaya binen ki\u015fi, durumunu fark eden yolcular\u0131n ihbar\u0131 \u00fczerine hastanede tedavi alt\u0131na al\u0131nd\u0131.<\/p>\n","protected":false},"author":0,"featured_media":7595,"comment_status":"closed","ping_status":"closed","sticky":false,"template":"","format":"standard","meta":{"_yb_topic_hash":"bf97f2e4b17b4c9c03fc755353b2067339ac5ec9fa17591d95a4f7068b1bf93b","_yb_image_repair_status":"","_yb_image_repair_last":"","_yb_image_repair_attempts":0,"_yb_source_trust_score":0,"footnotes":""},"categories":[154],"tags":[],"yb_news_series":[],"yb_language":[],"class_list":["post-7594","post","type-post","status-publish","format-standard","has-post-thumbnail","hentry","category-turkiye"],"blocksy_meta":[],"_links":{"self":[{"href":"https:\/\/yurtbakisi.com\/index.php?rest_route=\/wp\/v2\/posts\/7594","targetHints":{"allow":["GET"]}}],"collection":[{"href":"https:\/\/yurtbakisi.com\/index.php?rest_route=\/wp\/v2\/posts"}],"about":[{"href":"https:\/\/yurtbakisi.com\/index.php?rest_route=\/wp\/v2\/types\/post"}],"replies":[{"embeddable":true,"href":"https:\/\/yurtbakisi.com\/index.php?rest_route=%2Fwp%2Fv2%2Fcomments&post=7594"}],"version-history":[{"count":1,"href":"https:\/\/yurtbakisi.com\/index.php?rest_route=\/wp\/v2\/posts\/7594\/revisions"}],"predecessor-version":[{"id":7596,"href":"https:\/\/yurtbakisi.com\/index.php?rest_route=\/wp\/v2\/posts\/7594\/revisions\/7596"}],"wp:featuredmedia":[{"embeddable":true,"href":"https:\/\/yurtbakisi.com\/index.php?rest_route=\/wp\/v2\/media\/7595"}],"wp:attachment":[{"href":"https:\/\/yurtbakisi.com\/index.php?rest_route=%2Fwp%2Fv2%2Fmedia&parent=7594"}],"wp:term":[{"taxonomy":"category","embeddable":true,"href":"https:\/\/yurtbakisi.com\/index.php?rest_route=%2Fwp%2Fv2%2Fcategories&post=7594"},{"taxonomy":"post_tag","embeddable":true,"href":"https:\/\/yurtbakisi.com\/index.php?rest_route=%2Fwp%2Fv2%2Ftags&post=7594"},{"taxonomy":"yb_news_series","embeddable":true,"href":"https:\/\/yurtbakisi.com\/index.php?rest_route=%2Fwp%2Fv2%2Fyb_news_series&post=7594"},{"taxonomy":"yb_language","embeddable":true,"href":"https:\/\/yurtbakisi.com\/index.php?rest_route=%2Fwp%2Fv2%2Fyb_language&post=7594"}],"curies":[{"name":"wp","href":"https:\/\/api.w.org\/{rel}","templated":true}]}}