{"id":7607,"date":"2026-08-31T09:38:00","date_gmt":"2026-08-31T06:38:00","guid":{"rendered":"https:\/\/yurtbakisi.com\/?p=7607"},"modified":"2026-08-31T09:38:00","modified_gmt":"2026-08-31T06:38:00","slug":"ece-seckinin-karni-burnunda-ilk-pozlarina-begeni-yagdi-posta","status":"publish","type":"post","link":"https:\/\/yurtbakisi.com\/?p=7607","title":{"rendered":"Ece Se\u00e7kin\u2019in karn\u0131 burnunda ilk pozlar\u0131na be\u011feni ya\u011fd\u0131! &#8211; Posta"},"content":{"rendered":"<div class=\"yb-imported-news-note\">\n<p>Ece Se\u00e7kin\u2019in karn\u0131 burnunda ilk pozlar\u0131na be\u011feni ya\u011fd\u0131! Posta<\/p>\n<p><strong>Kaynak:<\/strong> Canl\u0131 Ak\u0131\u015f \u2014 Magazin \u2014 Ayr\u0131nt\u0131lar ve tam i\u00e7erik i\u00e7in <a href=\"https:\/\/news.google.com\/rss\/articles\/CBMimgFBVV95cUxNVHZKdjF5Yk1LNGd0QThyaVVzTWdPUXZQbnVkV2phVDVUOGRtcUJEcU1tQUMyV3I5NFF2NVZsYlhLQVQ5T1JvMnNJdXN3SFZacDExU0dsR3RMT1hwYzU4OHFUU3Q1LWlVNFo3SFBCdk5wY0JNUkh6VjhzQnB5dVpUWlU1d3Ita2ZSUHRLZ3JvaE1WS2V1c1lZSWVR?oc=5\" target=\"_blank\" rel=\"nofollow noopener noreferrer\">\u00f6zg\u00fcn haberi a\u00e7\u0131n<\/a>.<\/p>\n<p><small>Bu kay\u0131t RSS haber havuzuna k\u0131sa kaynak \u00f6zeti olarak al\u0131nm\u0131\u015ft\u0131r; \u00f6zg\u00fcn metnin tamam\u0131 kopyalanmam\u0131\u015ft\u0131r.<\/small><\/p>\n<\/div>\n","protected":false},"excerpt":{"rendered":"<p>Ece Se\u00e7kin\u2019in karn\u0131 burnunda ilk pozlar\u0131na be\u011feni ya\u011fd\u0131! Posta<\/p>\n","protected":false},"author":1,"featured_media":0,"comment_status":"closed","ping_status":"closed","sticky":false,"template":"","format":"standard","meta":{"_yb_topic_hash":"24366a1395c0ef88e70f3a6dc9f731deb46e738b827f9989f717bb5de8a0d5d2","_yb_image_repair_status":"","_yb_image_repair_last":"","_yb_image_repair_attempts":0,"_yb_source_trust_score":93,"footnotes":""},"categories":[15],"tags":[108],"yb_news_series":[],"yb_language":[],"class_list":["post-7607","post","type-post","status-publish","format-standard","has-post-thumbnail","hentry","category-magazin","tag-canli-akis-magazin"],"blocksy_meta":[],"_links":{"self":[{"href":"https:\/\/yurtbakisi.com\/index.php?rest_route=\/wp\/v2\/posts\/7607","targetHints":{"allow":["GET"]}}],"collection":[{"href":"https:\/\/yurtbakisi.com\/index.php?rest_route=\/wp\/v2\/posts"}],"about":[{"href":"https:\/\/yurtbakisi.com\/index.php?rest_route=\/wp\/v2\/types\/post"}],"author":[{"embeddable":true,"href":"https:\/\/yurtbakisi.com\/index.php?rest_route=\/wp\/v2\/users\/1"}],"replies":[{"embeddable":true,"href":"https:\/\/yurtbakisi.com\/index.php?rest_route=%2Fwp%2Fv2%2Fcomments&post=7607"}],"version-history":[{"count":0,"href":"https:\/\/yurtbakisi.com\/index.php?rest_route=\/wp\/v2\/posts\/7607\/revisions"}],"wp:attachment":[{"href":"https:\/\/yurtbakisi.com\/index.php?rest_route=%2Fwp%2Fv2%2Fmedia&parent=7607"}],"wp:term":[{"taxonomy":"category","embeddable":true,"href":"https:\/\/yurtbakisi.com\/index.php?rest_route=%2Fwp%2Fv2%2Fcategories&post=7607"},{"taxonomy":"post_tag","embeddable":true,"href":"https:\/\/yurtbakisi.com\/index.php?rest_route=%2Fwp%2Fv2%2Ftags&post=7607"},{"taxonomy":"yb_news_series","embeddable":true,"href":"https:\/\/yurtbakisi.com\/index.php?rest_route=%2Fwp%2Fv2%2Fyb_news_series&post=7607"},{"taxonomy":"yb_language","embeddable":true,"href":"https:\/\/yurtbakisi.com\/index.php?rest_route=%2Fwp%2Fv2%2Fyb_language&post=7607"}],"curies":[{"name":"wp","href":"https:\/\/api.w.org\/{rel}","templated":true}]}}