{"id":7609,"date":"2026-08-31T09:57:39","date_gmt":"2026-08-31T06:57:39","guid":{"rendered":"https:\/\/yurtbakisi.com\/?p=7609"},"modified":"2026-08-31T09:57:45","modified_gmt":"2026-08-31T06:57:45","slug":"cumhurbaskani-erdogan-sanghay-zirvesine-katilacak","status":"publish","type":"post","link":"https:\/\/yurtbakisi.com\/?p=7609","title":{"rendered":"Cumhurba\u015fkan\u0131 Erdo\u011fan, \u015eanghay Zirvesi&#039;ne kat\u0131lacak"},"content":{"rendered":"<p>\u015eanghay \u0130\u015f Birli\u011fi \u00d6rg\u00fct\u00fc 26&#039;nc\u0131 Devlet Ba\u015fkanlar\u0131 Zirvesi bug\u00fcn ba\u015fl\u0131yor. Cumhurba\u015fkan\u0131 Recep Tayyip Erdo\u011fan, K\u0131rg\u0131zistan&#039;\u0131n ba\u015fkenti Bi\u015fkek&#039;te d\u00fczenlenecek zirve oturumunda hitap edecek. Erdo\u011fan, bir\u00e7ok \u00fclkeden h\u00fck\u00fcmet ve devlet ba\u015fkanlar\u0131yla da bir araya gelecek.<\/p>\n<p><strong>Kaynak:<\/strong> TRT Haber \u2014 <a href=\"https:\/\/www.trthaber.com\/haber\/gundem\/cumhurbaskani-erdogan-sanghay-zirvesine-katilacak-955413.html\" target=\"_blank\" rel=\"nofollow noopener\">Haberin devam\u0131n\u0131 \u00f6zg\u00fcn kayna\u011f\u0131nda oku<\/a><\/p>\n","protected":false},"excerpt":{"rendered":"<p>\u015eanghay \u0130\u015f Birli\u011fi \u00d6rg\u00fct\u00fc 26&#8217;nc\u0131 Devlet Ba\u015fkanlar\u0131 Zirvesi bug\u00fcn ba\u015fl\u0131yor. Cumhurba\u015fkan\u0131 Recep Tayyip Erdo\u011fan, K\u0131rg\u0131zistan&#8217;\u0131n ba\u015fkenti Bi\u015fkek&#8217;te d\u00fczenlenecek zirve oturumunda hitap edecek. Erdo\u011fan, bir\u00e7ok \u00fclkeden h\u00fck\u00fcmet ve devlet ba\u015fkanlar\u0131yla da bir araya gelecek.<\/p>\n","protected":false},"author":0,"featured_media":7610,"comment_status":"closed","ping_status":"closed","sticky":false,"template":"","format":"standard","meta":{"_yb_topic_hash":"084463392496ac524025ec45b5137131e88e145b4b0045dda466d6a27d02c170","_yb_image_repair_status":"","_yb_image_repair_last":"","_yb_image_repair_attempts":0,"_yb_source_trust_score":0,"footnotes":""},"categories":[153],"tags":[],"yb_news_series":[],"yb_language":[],"class_list":["post-7609","post","type-post","status-publish","format-standard","has-post-thumbnail","hentry","category-gundem"],"blocksy_meta":[],"_links":{"self":[{"href":"https:\/\/yurtbakisi.com\/index.php?rest_route=\/wp\/v2\/posts\/7609","targetHints":{"allow":["GET"]}}],"collection":[{"href":"https:\/\/yurtbakisi.com\/index.php?rest_route=\/wp\/v2\/posts"}],"about":[{"href":"https:\/\/yurtbakisi.com\/index.php?rest_route=\/wp\/v2\/types\/post"}],"replies":[{"embeddable":true,"href":"https:\/\/yurtbakisi.com\/index.php?rest_route=%2Fwp%2Fv2%2Fcomments&post=7609"}],"version-history":[{"count":1,"href":"https:\/\/yurtbakisi.com\/index.php?rest_route=\/wp\/v2\/posts\/7609\/revisions"}],"predecessor-version":[{"id":7611,"href":"https:\/\/yurtbakisi.com\/index.php?rest_route=\/wp\/v2\/posts\/7609\/revisions\/7611"}],"wp:featuredmedia":[{"embeddable":true,"href":"https:\/\/yurtbakisi.com\/index.php?rest_route=\/wp\/v2\/media\/7610"}],"wp:attachment":[{"href":"https:\/\/yurtbakisi.com\/index.php?rest_route=%2Fwp%2Fv2%2Fmedia&parent=7609"}],"wp:term":[{"taxonomy":"category","embeddable":true,"href":"https:\/\/yurtbakisi.com\/index.php?rest_route=%2Fwp%2Fv2%2Fcategories&post=7609"},{"taxonomy":"post_tag","embeddable":true,"href":"https:\/\/yurtbakisi.com\/index.php?rest_route=%2Fwp%2Fv2%2Ftags&post=7609"},{"taxonomy":"yb_news_series","embeddable":true,"href":"https:\/\/yurtbakisi.com\/index.php?rest_route=%2Fwp%2Fv2%2Fyb_news_series&post=7609"},{"taxonomy":"yb_language","embeddable":true,"href":"https:\/\/yurtbakisi.com\/index.php?rest_route=%2Fwp%2Fv2%2Fyb_language&post=7609"}],"curies":[{"name":"wp","href":"https:\/\/api.w.org\/{rel}","templated":true}]}}