{"id":7621,"date":"2026-08-31T10:04:33","date_gmt":"2026-08-31T07:04:33","guid":{"rendered":"https:\/\/yurtbakisi.com\/?p=7621"},"modified":"2026-08-31T10:04:41","modified_gmt":"2026-08-31T07:04:41","slug":"sanliurfada-devrilen-otomobilin-surucusu-oldu","status":"publish","type":"post","link":"https:\/\/yurtbakisi.com\/?p=7621","title":{"rendered":"\u015eanl\u0131urfa&#039;da devrilen otomobilin s\u00fcr\u00fcc\u00fcs\u00fc \u00f6ld\u00fc"},"content":{"rendered":"<p>\u015eanl\u0131urfa&#039;n\u0131n Karak\u00f6pr\u00fc il\u00e7esinde devrilen otomobilin s\u00fcr\u00fcc\u00fcs\u00fc hayat\u0131n\u0131 kaybetti.<\/p>\n<p><strong>Kaynak:<\/strong> TRT Haber \u2014 <a href=\"https:\/\/www.trthaber.com\/haber\/turkiye\/sanliurfada-devrilen-otomobilin-surucusu-oldu-955406.html\" target=\"_blank\" rel=\"nofollow noopener\">Haberin devam\u0131n\u0131 \u00f6zg\u00fcn kayna\u011f\u0131nda oku<\/a><\/p>\n","protected":false},"excerpt":{"rendered":"<p>\u015eanl\u0131urfa&#8217;n\u0131n Karak\u00f6pr\u00fc il\u00e7esinde devrilen otomobilin s\u00fcr\u00fcc\u00fcs\u00fc hayat\u0131n\u0131 kaybetti.<\/p>\n","protected":false},"author":0,"featured_media":7622,"comment_status":"closed","ping_status":"closed","sticky":false,"template":"","format":"standard","meta":{"_yb_topic_hash":"3aa4e8b3df9d185410d607e6fab2d74fdb697cb50418df76aab4a312f6f816b4","_yb_image_repair_status":"","_yb_image_repair_last":"","_yb_image_repair_attempts":0,"_yb_source_trust_score":0,"footnotes":""},"categories":[89,154],"tags":[128],"yb_news_series":[],"yb_language":[],"class_list":["post-7621","post","type-post","status-publish","format-standard","has-post-thumbnail","hentry","category-otomobil","category-turkiye","tag-yasam"],"blocksy_meta":[],"_links":{"self":[{"href":"https:\/\/yurtbakisi.com\/index.php?rest_route=\/wp\/v2\/posts\/7621","targetHints":{"allow":["GET"]}}],"collection":[{"href":"https:\/\/yurtbakisi.com\/index.php?rest_route=\/wp\/v2\/posts"}],"about":[{"href":"https:\/\/yurtbakisi.com\/index.php?rest_route=\/wp\/v2\/types\/post"}],"replies":[{"embeddable":true,"href":"https:\/\/yurtbakisi.com\/index.php?rest_route=%2Fwp%2Fv2%2Fcomments&post=7621"}],"version-history":[{"count":1,"href":"https:\/\/yurtbakisi.com\/index.php?rest_route=\/wp\/v2\/posts\/7621\/revisions"}],"predecessor-version":[{"id":7623,"href":"https:\/\/yurtbakisi.com\/index.php?rest_route=\/wp\/v2\/posts\/7621\/revisions\/7623"}],"wp:featuredmedia":[{"embeddable":true,"href":"https:\/\/yurtbakisi.com\/index.php?rest_route=\/wp\/v2\/media\/7622"}],"wp:attachment":[{"href":"https:\/\/yurtbakisi.com\/index.php?rest_route=%2Fwp%2Fv2%2Fmedia&parent=7621"}],"wp:term":[{"taxonomy":"category","embeddable":true,"href":"https:\/\/yurtbakisi.com\/index.php?rest_route=%2Fwp%2Fv2%2Fcategories&post=7621"},{"taxonomy":"post_tag","embeddable":true,"href":"https:\/\/yurtbakisi.com\/index.php?rest_route=%2Fwp%2Fv2%2Ftags&post=7621"},{"taxonomy":"yb_news_series","embeddable":true,"href":"https:\/\/yurtbakisi.com\/index.php?rest_route=%2Fwp%2Fv2%2Fyb_news_series&post=7621"},{"taxonomy":"yb_language","embeddable":true,"href":"https:\/\/yurtbakisi.com\/index.php?rest_route=%2Fwp%2Fv2%2Fyb_language&post=7621"}],"curies":[{"name":"wp","href":"https:\/\/api.w.org\/{rel}","templated":true}]}}