{"id":7634,"date":"2026-08-31T09:59:29","date_gmt":"2026-08-31T06:59:29","guid":{"rendered":"https:\/\/yurtbakisi.com\/?p=7634"},"modified":"2026-08-31T09:59:29","modified_gmt":"2026-08-31T06:59:29","slug":"kalp-krizi-geciren-cem-yilmazin-son-durumu-hastaneden-yeni-aciklama-milliyet","status":"publish","type":"post","link":"https:\/\/yurtbakisi.com\/?p=7634","title":{"rendered":"Kalp krizi ge\u00e7iren Cem Y\u0131lmaz&#8217;\u0131n son durumu! Hastaneden yeni a\u00e7\u0131klama &#8211; Milliyet"},"content":{"rendered":"<div class=\"yb-imported-news-note\">\n<p>Kalp krizi ge\u00e7iren Cem Y\u0131lmaz&#039;\u0131n son durumu! Hastaneden yeni a\u00e7\u0131klama Milliyet<\/p>\n<p><strong>Kaynak:<\/strong> Canl\u0131 Ak\u0131\u015f \u2014 Magazin \u2014 Ayr\u0131nt\u0131lar ve tam i\u00e7erik i\u00e7in <a href=\"https:\/\/news.google.com\/rss\/articles\/CBMivwFBVV95cUxPZG9MOWdMbWdvQzM1aHEzcDJ2Y0tYVm1HRE5pUlBYRmZXOS1DUnBBMmxaTjFzUzktTnpZbDFGR2x0R21SVjdydjhvcmdpVThTUTRTMEdDM1FRWmtLSXdmQnJ6YVRrUDBGSnpoNHd4LWdSeW84MTc2N3NVd1ZxcWhrdE9pdUN2RUpjaEZhdlRmeVlXQmotSlo0N2lUSndKeHhSOF9jc2VzTzNqaWRjSjZZQlB2eWtoOWE2bWR4LWp3Zw?oc=5\" target=\"_blank\" rel=\"nofollow noopener noreferrer\">\u00f6zg\u00fcn haberi a\u00e7\u0131n<\/a>.<\/p>\n<p><small>Bu kay\u0131t RSS haber havuzuna k\u0131sa kaynak \u00f6zeti olarak al\u0131nm\u0131\u015ft\u0131r; \u00f6zg\u00fcn metnin tamam\u0131 kopyalanmam\u0131\u015ft\u0131r.<\/small><\/p>\n<\/div>\n","protected":false},"excerpt":{"rendered":"<p>Kalp krizi ge\u00e7iren Cem Y\u0131lmaz&#8217;\u0131n son durumu! Hastaneden yeni a\u00e7\u0131klama Milliyet<\/p>\n","protected":false},"author":1,"featured_media":0,"comment_status":"closed","ping_status":"closed","sticky":false,"template":"","format":"standard","meta":{"_yb_topic_hash":"0db5624d46af2a9eaec217750252f7ba9bd7382901676acb8d5e86623d104996","_yb_image_repair_status":"","_yb_image_repair_last":"","_yb_image_repair_attempts":0,"_yb_source_trust_score":93,"footnotes":""},"categories":[15],"tags":[108],"yb_news_series":[],"yb_language":[],"class_list":["post-7634","post","type-post","status-publish","format-standard","has-post-thumbnail","hentry","category-magazin","tag-canli-akis-magazin"],"blocksy_meta":[],"_links":{"self":[{"href":"https:\/\/yurtbakisi.com\/index.php?rest_route=\/wp\/v2\/posts\/7634","targetHints":{"allow":["GET"]}}],"collection":[{"href":"https:\/\/yurtbakisi.com\/index.php?rest_route=\/wp\/v2\/posts"}],"about":[{"href":"https:\/\/yurtbakisi.com\/index.php?rest_route=\/wp\/v2\/types\/post"}],"author":[{"embeddable":true,"href":"https:\/\/yurtbakisi.com\/index.php?rest_route=\/wp\/v2\/users\/1"}],"replies":[{"embeddable":true,"href":"https:\/\/yurtbakisi.com\/index.php?rest_route=%2Fwp%2Fv2%2Fcomments&post=7634"}],"version-history":[{"count":0,"href":"https:\/\/yurtbakisi.com\/index.php?rest_route=\/wp\/v2\/posts\/7634\/revisions"}],"wp:attachment":[{"href":"https:\/\/yurtbakisi.com\/index.php?rest_route=%2Fwp%2Fv2%2Fmedia&parent=7634"}],"wp:term":[{"taxonomy":"category","embeddable":true,"href":"https:\/\/yurtbakisi.com\/index.php?rest_route=%2Fwp%2Fv2%2Fcategories&post=7634"},{"taxonomy":"post_tag","embeddable":true,"href":"https:\/\/yurtbakisi.com\/index.php?rest_route=%2Fwp%2Fv2%2Ftags&post=7634"},{"taxonomy":"yb_news_series","embeddable":true,"href":"https:\/\/yurtbakisi.com\/index.php?rest_route=%2Fwp%2Fv2%2Fyb_news_series&post=7634"},{"taxonomy":"yb_language","embeddable":true,"href":"https:\/\/yurtbakisi.com\/index.php?rest_route=%2Fwp%2Fv2%2Fyb_language&post=7634"}],"curies":[{"name":"wp","href":"https:\/\/api.w.org\/{rel}","templated":true}]}}