{"id":7642,"date":"2026-08-31T10:58:16","date_gmt":"2026-08-31T07:58:16","guid":{"rendered":"https:\/\/yurtbakisi.com\/?p=7642"},"modified":"2026-08-31T10:58:22","modified_gmt":"2026-08-31T07:58:22","slug":"devrim-muhafizlari-urdundeki-iki-abd-hava-ussunu-balistik-fuzelerle-vurduk","status":"publish","type":"post","link":"https:\/\/yurtbakisi.com\/?p=7642","title":{"rendered":"Devrim Muhaf\u0131zlar\u0131: \u00dcrd\u00fcn&#039;deki iki ABD hava \u00fcss\u00fcn\u00fc balistik f\u00fczelerle vurduk"},"content":{"rendered":"<p>\u0130ran Devrim Muhaf\u0131zlar\u0131 Ordusu, ABD&#039;nin H\u00fcrm\u00fcz Bo\u011faz\u0131 yak\u0131nlar\u0131ndaki Lark Adas\u0131&#039;na d\u00fczenledi\u011fi sald\u0131r\u0131ya kar\u015f\u0131l\u0131k olarak \u00dcrd\u00fcn&#039;deki iki ABD hava \u00fcss\u00fcn\u00fcn balistik f\u00fczelerle vuruldu\u011funu duyurdu.<\/p>\n<p><strong>Kaynak:<\/strong> TRT Haber \u2014 <a href=\"https:\/\/www.trthaber.com\/haber\/dunya\/devrim-muhafizlari-urdundeki-iki-abd-hava-ussunu-balistik-fuzelerle-vurduk-955405.html\" target=\"_blank\" rel=\"nofollow noopener\">Haberin devam\u0131n\u0131 \u00f6zg\u00fcn kayna\u011f\u0131nda oku<\/a><\/p>\n","protected":false},"excerpt":{"rendered":"<p>\u0130ran Devrim Muhaf\u0131zlar\u0131 Ordusu, ABD&#8217;nin H\u00fcrm\u00fcz Bo\u011faz\u0131 yak\u0131nlar\u0131ndaki Lark Adas\u0131&#8217;na d\u00fczenledi\u011fi sald\u0131r\u0131ya kar\u015f\u0131l\u0131k olarak \u00dcrd\u00fcn&#8217;deki iki ABD hava \u00fcss\u00fcn\u00fcn balistik f\u00fczelerle vuruldu\u011funu duyurdu.<\/p>\n","protected":false},"author":0,"featured_media":7643,"comment_status":"closed","ping_status":"closed","sticky":false,"template":"","format":"standard","meta":{"_yb_topic_hash":"19856d921b6abc0f4bddd70fb3a86b1d56a6159d2ebe65d2115559c6d8e27147","_yb_image_repair_status":"","_yb_image_repair_last":"","_yb_image_repair_attempts":0,"_yb_source_trust_score":0,"footnotes":""},"categories":[155],"tags":[107],"yb_news_series":[],"yb_language":[],"class_list":["post-7642","post","type-post","status-publish","format-standard","has-post-thumbnail","hentry","category-dunya","tag-cemiyet"],"blocksy_meta":[],"_links":{"self":[{"href":"https:\/\/yurtbakisi.com\/index.php?rest_route=\/wp\/v2\/posts\/7642","targetHints":{"allow":["GET"]}}],"collection":[{"href":"https:\/\/yurtbakisi.com\/index.php?rest_route=\/wp\/v2\/posts"}],"about":[{"href":"https:\/\/yurtbakisi.com\/index.php?rest_route=\/wp\/v2\/types\/post"}],"replies":[{"embeddable":true,"href":"https:\/\/yurtbakisi.com\/index.php?rest_route=%2Fwp%2Fv2%2Fcomments&post=7642"}],"version-history":[{"count":1,"href":"https:\/\/yurtbakisi.com\/index.php?rest_route=\/wp\/v2\/posts\/7642\/revisions"}],"predecessor-version":[{"id":7644,"href":"https:\/\/yurtbakisi.com\/index.php?rest_route=\/wp\/v2\/posts\/7642\/revisions\/7644"}],"wp:featuredmedia":[{"embeddable":true,"href":"https:\/\/yurtbakisi.com\/index.php?rest_route=\/wp\/v2\/media\/7643"}],"wp:attachment":[{"href":"https:\/\/yurtbakisi.com\/index.php?rest_route=%2Fwp%2Fv2%2Fmedia&parent=7642"}],"wp:term":[{"taxonomy":"category","embeddable":true,"href":"https:\/\/yurtbakisi.com\/index.php?rest_route=%2Fwp%2Fv2%2Fcategories&post=7642"},{"taxonomy":"post_tag","embeddable":true,"href":"https:\/\/yurtbakisi.com\/index.php?rest_route=%2Fwp%2Fv2%2Ftags&post=7642"},{"taxonomy":"yb_news_series","embeddable":true,"href":"https:\/\/yurtbakisi.com\/index.php?rest_route=%2Fwp%2Fv2%2Fyb_news_series&post=7642"},{"taxonomy":"yb_language","embeddable":true,"href":"https:\/\/yurtbakisi.com\/index.php?rest_route=%2Fwp%2Fv2%2Fyb_language&post=7642"}],"curies":[{"name":"wp","href":"https:\/\/api.w.org\/{rel}","templated":true}]}}