{"id":7651,"date":"2026-08-31T11:01:15","date_gmt":"2026-08-31T08:01:15","guid":{"rendered":"https:\/\/yurtbakisi.com\/?p=7651"},"modified":"2026-08-31T11:01:23","modified_gmt":"2026-08-31T08:01:23","slug":"kultur-ve-turizm-bakan-yardimciligina-coskun-yilmaz-atandi","status":"publish","type":"post","link":"https:\/\/yurtbakisi.com\/?p=7651","title":{"rendered":"K\u00fclt\u00fcr ve Turizm Bakan Yard\u0131mc\u0131l\u0131\u011f\u0131na Co\u015fkun Y\u0131lmaz atand\u0131"},"content":{"rendered":"<p>K\u00fclt\u00fcr ve Turizm Bakan Yard\u0131mc\u0131l\u0131\u011f\u0131na Co\u015fkun Y\u0131lmaz&#039;\u0131n atanmas\u0131na ili\u015fkin karar Resmi Gazete&#039;de yay\u0131mland\u0131.<\/p>\n<p><strong>Kaynak:<\/strong> TRT Haber \u2014 <a href=\"https:\/\/www.trthaber.com\/haber\/gundem\/kultur-ve-turizm-bakan-yardimciligina-coskun-yilmaz-atandi-955403.html\" target=\"_blank\" rel=\"nofollow noopener\">Haberin devam\u0131n\u0131 \u00f6zg\u00fcn kayna\u011f\u0131nda oku<\/a><\/p>\n","protected":false},"excerpt":{"rendered":"<p>K\u00fclt\u00fcr ve Turizm Bakan Yard\u0131mc\u0131l\u0131\u011f\u0131na Co\u015fkun Y\u0131lmaz&#8217;\u0131n atanmas\u0131na ili\u015fkin karar Resmi Gazete&#8217;de yay\u0131mland\u0131.<\/p>\n","protected":false},"author":0,"featured_media":7652,"comment_status":"closed","ping_status":"closed","sticky":false,"template":"","format":"standard","meta":{"_yb_topic_hash":"a51252130850658524205168302a969522272896200c3c0d6358f63d300c0866","_yb_image_repair_status":"","_yb_image_repair_last":"","_yb_image_repair_attempts":0,"_yb_source_trust_score":0,"footnotes":""},"categories":[153],"tags":[111],"yb_news_series":[],"yb_language":[],"class_list":["post-7651","post","type-post","status-publish","format-standard","has-post-thumbnail","hentry","category-gundem","tag-kultur-sanat"],"blocksy_meta":[],"_links":{"self":[{"href":"https:\/\/yurtbakisi.com\/index.php?rest_route=\/wp\/v2\/posts\/7651","targetHints":{"allow":["GET"]}}],"collection":[{"href":"https:\/\/yurtbakisi.com\/index.php?rest_route=\/wp\/v2\/posts"}],"about":[{"href":"https:\/\/yurtbakisi.com\/index.php?rest_route=\/wp\/v2\/types\/post"}],"replies":[{"embeddable":true,"href":"https:\/\/yurtbakisi.com\/index.php?rest_route=%2Fwp%2Fv2%2Fcomments&post=7651"}],"version-history":[{"count":1,"href":"https:\/\/yurtbakisi.com\/index.php?rest_route=\/wp\/v2\/posts\/7651\/revisions"}],"predecessor-version":[{"id":7653,"href":"https:\/\/yurtbakisi.com\/index.php?rest_route=\/wp\/v2\/posts\/7651\/revisions\/7653"}],"wp:featuredmedia":[{"embeddable":true,"href":"https:\/\/yurtbakisi.com\/index.php?rest_route=\/wp\/v2\/media\/7652"}],"wp:attachment":[{"href":"https:\/\/yurtbakisi.com\/index.php?rest_route=%2Fwp%2Fv2%2Fmedia&parent=7651"}],"wp:term":[{"taxonomy":"category","embeddable":true,"href":"https:\/\/yurtbakisi.com\/index.php?rest_route=%2Fwp%2Fv2%2Fcategories&post=7651"},{"taxonomy":"post_tag","embeddable":true,"href":"https:\/\/yurtbakisi.com\/index.php?rest_route=%2Fwp%2Fv2%2Ftags&post=7651"},{"taxonomy":"yb_news_series","embeddable":true,"href":"https:\/\/yurtbakisi.com\/index.php?rest_route=%2Fwp%2Fv2%2Fyb_news_series&post=7651"},{"taxonomy":"yb_language","embeddable":true,"href":"https:\/\/yurtbakisi.com\/index.php?rest_route=%2Fwp%2Fv2%2Fyb_language&post=7651"}],"curies":[{"name":"wp","href":"https:\/\/api.w.org\/{rel}","templated":true}]}}