{"id":7660,"date":"2026-08-31T11:43:00","date_gmt":"2026-08-31T08:43:00","guid":{"rendered":"https:\/\/yurtbakisi.com\/?p=7660"},"modified":"2026-08-31T11:43:00","modified_gmt":"2026-08-31T08:43:00","slug":"manifestin-izmir-konserinde-duygu-seli-gozyaslariyla-veda-manset-haber","status":"publish","type":"post","link":"https:\/\/yurtbakisi.com\/?p=7660","title":{"rendered":"Manifest\u2019in \u0130zmir konserinde duygu seli: G\u00f6zya\u015flar\u0131yla veda &#8211; Man\u015fet Haber"},"content":{"rendered":"<div class=\"yb-imported-news-note\">\n<p>Manifest\u2019in \u0130zmir konserinde duygu seli: G\u00f6zya\u015flar\u0131yla veda Man\u015fet Haber<\/p>\n<p><strong>Kaynak:<\/strong> Canl\u0131 Ak\u0131\u015f \u2014 Magazin \u2014 Ayr\u0131nt\u0131lar ve tam i\u00e7erik i\u00e7in <a href=\"https:\/\/news.google.com\/rss\/articles\/CBMikwFBVV95cUxObmpDaDVfM1l1enFYYzczRWJPcGVGU2JkaFRYdGtPb1dfNW4tbUZVMVRhVHJnQkRnQm1mYzczVEE2cFJoSE9JRDdteFIzQzlab0FwWUNUX01QMXVQdENySGI0NnVsenhnZ25vVmI0cjNUcUFVV1ZwdXJaMlNNMURhUndsN1VwVW00aVI4NEpMbUd6REE?oc=5\" target=\"_blank\" rel=\"nofollow noopener noreferrer\">\u00f6zg\u00fcn haberi a\u00e7\u0131n<\/a>.<\/p>\n<p><small>Bu kay\u0131t RSS haber havuzuna k\u0131sa kaynak \u00f6zeti olarak al\u0131nm\u0131\u015ft\u0131r; \u00f6zg\u00fcn metnin tamam\u0131 kopyalanmam\u0131\u015ft\u0131r.<\/small><\/p>\n<\/div>\n","protected":false},"excerpt":{"rendered":"<p>Manifest\u2019in \u0130zmir konserinde duygu seli: G\u00f6zya\u015flar\u0131yla veda Man\u015fet Haber<\/p>\n","protected":false},"author":1,"featured_media":0,"comment_status":"closed","ping_status":"closed","sticky":false,"template":"","format":"standard","meta":{"_yb_topic_hash":"3814c6e6eff8fb44e9a574f7f9596852dee1fdd0274a19669dd0a26648051cc8","_yb_image_repair_status":"","_yb_image_repair_last":"","_yb_image_repair_attempts":0,"_yb_source_trust_score":93,"footnotes":""},"categories":[39,15,5],"tags":[108,109],"yb_news_series":[],"yb_language":[],"class_list":["post-7660","post","type-post","status-publish","format-standard","has-post-thumbnail","hentry","category-konserler","category-magazin","category-muzik","tag-canli-akis-magazin","tag-muzik"],"blocksy_meta":[],"_links":{"self":[{"href":"https:\/\/yurtbakisi.com\/index.php?rest_route=\/wp\/v2\/posts\/7660","targetHints":{"allow":["GET"]}}],"collection":[{"href":"https:\/\/yurtbakisi.com\/index.php?rest_route=\/wp\/v2\/posts"}],"about":[{"href":"https:\/\/yurtbakisi.com\/index.php?rest_route=\/wp\/v2\/types\/post"}],"author":[{"embeddable":true,"href":"https:\/\/yurtbakisi.com\/index.php?rest_route=\/wp\/v2\/users\/1"}],"replies":[{"embeddable":true,"href":"https:\/\/yurtbakisi.com\/index.php?rest_route=%2Fwp%2Fv2%2Fcomments&post=7660"}],"version-history":[{"count":0,"href":"https:\/\/yurtbakisi.com\/index.php?rest_route=\/wp\/v2\/posts\/7660\/revisions"}],"wp:attachment":[{"href":"https:\/\/yurtbakisi.com\/index.php?rest_route=%2Fwp%2Fv2%2Fmedia&parent=7660"}],"wp:term":[{"taxonomy":"category","embeddable":true,"href":"https:\/\/yurtbakisi.com\/index.php?rest_route=%2Fwp%2Fv2%2Fcategories&post=7660"},{"taxonomy":"post_tag","embeddable":true,"href":"https:\/\/yurtbakisi.com\/index.php?rest_route=%2Fwp%2Fv2%2Ftags&post=7660"},{"taxonomy":"yb_news_series","embeddable":true,"href":"https:\/\/yurtbakisi.com\/index.php?rest_route=%2Fwp%2Fv2%2Fyb_news_series&post=7660"},{"taxonomy":"yb_language","embeddable":true,"href":"https:\/\/yurtbakisi.com\/index.php?rest_route=%2Fwp%2Fv2%2Fyb_language&post=7660"}],"curies":[{"name":"wp","href":"https:\/\/api.w.org\/{rel}","templated":true}]}}