{"id":7661,"date":"2026-08-31T11:56:50","date_gmt":"2026-08-31T08:56:50","guid":{"rendered":"https:\/\/yurtbakisi.com\/?p=7661"},"modified":"2026-08-31T11:56:57","modified_gmt":"2026-08-31T08:56:57","slug":"30-agustos-zafer-bayrami-ve-turk-silahli-kuvvetleri-gunu-bando-konserleri-iptal-edildi","status":"publish","type":"post","link":"https:\/\/yurtbakisi.com\/?p=7661","title":{"rendered":"30 A\u011fustos Zafer Bayram\u0131 ve T\u00fcrk Silahl\u0131 Kuvvetleri G\u00fcn\u00fc bando konserleri iptal edildi"},"content":{"rendered":"<p>Milli Savunma Bakanl\u0131\u011f\u0131 (MSB), Girne a\u00e7\u0131klar\u0131nda yolcu gemisinin batmas\u0131 sonucu ya\u015fam\u0131n\u0131 yitirenlerin ac\u0131s\u0131n\u0131 payla\u015fmak amac\u0131yla 30 A\u011fustos Zafer Bayram\u0131 ve T\u00fcrk Silahl\u0131 Kuvvetleri G\u00fcn\u00fc kapsam\u0131nda planlanan bando konserlerinin tamam\u0131n\u0131n iptal edildi\u011fini belirtti.<\/p>\n<p><strong>Kaynak:<\/strong> TRT Haber \u2014 <a href=\"https:\/\/www.trthaber.com\/haber\/gundem\/30-agustos-zafer-bayrami-ve-turk-silahli-kuvvetleri-gunu-bando-konserleri-iptal-edildi-955402.html\" target=\"_blank\" rel=\"nofollow noopener\">Haberin devam\u0131n\u0131 \u00f6zg\u00fcn kayna\u011f\u0131nda oku<\/a><\/p>\n","protected":false},"excerpt":{"rendered":"<p>Milli Savunma Bakanl\u0131\u011f\u0131 (MSB), Girne a\u00e7\u0131klar\u0131nda yolcu gemisinin batmas\u0131 sonucu ya\u015fam\u0131n\u0131 yitirenlerin ac\u0131s\u0131n\u0131 payla\u015fmak amac\u0131yla 30 A\u011fustos Zafer Bayram\u0131 ve T\u00fcrk Silahl\u0131 Kuvvetleri G\u00fcn\u00fc kapsam\u0131nda planlanan bando konserlerinin tamam\u0131n\u0131n iptal edildi\u011fini belirtti.<\/p>\n","protected":false},"author":0,"featured_media":7662,"comment_status":"closed","ping_status":"closed","sticky":false,"template":"","format":"standard","meta":{"_yb_topic_hash":"35e58809edc6d65fc2560d34361a3ebfa9c4c03f271fcfda9e6aa340c4a2526c","_yb_image_repair_status":"","_yb_image_repair_last":"","_yb_image_repair_attempts":0,"_yb_source_trust_score":0,"footnotes":""},"categories":[153,5],"tags":[109,128],"yb_news_series":[],"yb_language":[],"class_list":["post-7661","post","type-post","status-publish","format-standard","has-post-thumbnail","hentry","category-gundem","category-muzik","tag-muzik","tag-yasam"],"blocksy_meta":[],"_links":{"self":[{"href":"https:\/\/yurtbakisi.com\/index.php?rest_route=\/wp\/v2\/posts\/7661","targetHints":{"allow":["GET"]}}],"collection":[{"href":"https:\/\/yurtbakisi.com\/index.php?rest_route=\/wp\/v2\/posts"}],"about":[{"href":"https:\/\/yurtbakisi.com\/index.php?rest_route=\/wp\/v2\/types\/post"}],"replies":[{"embeddable":true,"href":"https:\/\/yurtbakisi.com\/index.php?rest_route=%2Fwp%2Fv2%2Fcomments&post=7661"}],"version-history":[{"count":1,"href":"https:\/\/yurtbakisi.com\/index.php?rest_route=\/wp\/v2\/posts\/7661\/revisions"}],"predecessor-version":[{"id":7663,"href":"https:\/\/yurtbakisi.com\/index.php?rest_route=\/wp\/v2\/posts\/7661\/revisions\/7663"}],"wp:featuredmedia":[{"embeddable":true,"href":"https:\/\/yurtbakisi.com\/index.php?rest_route=\/wp\/v2\/media\/7662"}],"wp:attachment":[{"href":"https:\/\/yurtbakisi.com\/index.php?rest_route=%2Fwp%2Fv2%2Fmedia&parent=7661"}],"wp:term":[{"taxonomy":"category","embeddable":true,"href":"https:\/\/yurtbakisi.com\/index.php?rest_route=%2Fwp%2Fv2%2Fcategories&post=7661"},{"taxonomy":"post_tag","embeddable":true,"href":"https:\/\/yurtbakisi.com\/index.php?rest_route=%2Fwp%2Fv2%2Ftags&post=7661"},{"taxonomy":"yb_news_series","embeddable":true,"href":"https:\/\/yurtbakisi.com\/index.php?rest_route=%2Fwp%2Fv2%2Fyb_news_series&post=7661"},{"taxonomy":"yb_language","embeddable":true,"href":"https:\/\/yurtbakisi.com\/index.php?rest_route=%2Fwp%2Fv2%2Fyb_language&post=7661"}],"curies":[{"name":"wp","href":"https:\/\/api.w.org\/{rel}","templated":true}]}}