{"id":7664,"date":"2026-08-31T11:57:02","date_gmt":"2026-08-31T08:57:02","guid":{"rendered":"https:\/\/yurtbakisi.com\/?p=7664"},"modified":"2026-08-31T11:57:08","modified_gmt":"2026-08-31T08:57:08","slug":"uyusturucu-ticareti-sucundan-uluslararasi-seviyede-aranan-zanli-istanbulda-yakalandi","status":"publish","type":"post","link":"https:\/\/yurtbakisi.com\/?p=7664","title":{"rendered":"Uyu\u015fturucu ticareti su\u00e7undan uluslararas\u0131 seviyede aranan zanl\u0131 \u0130stanbul&#039;da yakaland\u0131"},"content":{"rendered":"<p>Birle\u015fik Krall\u0131k adli makamlar\u0131nca &quot;uyu\u015fturucu madde ticareti&quot; su\u00e7lamas\u0131yla uluslararas\u0131 seviyede aranan \u015f\u00fcpheli \u0130stanbul&#039;da g\u00f6zalt\u0131na al\u0131nd\u0131.<\/p>\n<p><strong>Kaynak:<\/strong> TRT Haber \u2014 <a href=\"https:\/\/www.trthaber.com\/haber\/turkiye\/uyusturucu-ticareti-sucundan-uluslararasi-seviyede-aranan-zanli-istanbulda-yakalandi-955396.html\" target=\"_blank\" rel=\"nofollow noopener\">Haberin devam\u0131n\u0131 \u00f6zg\u00fcn kayna\u011f\u0131nda oku<\/a><\/p>\n","protected":false},"excerpt":{"rendered":"<p>Birle\u015fik Krall\u0131k adli makamlar\u0131nca &#8220;uyu\u015fturucu madde ticareti&#8221; su\u00e7lamas\u0131yla uluslararas\u0131 seviyede aranan \u015f\u00fcpheli \u0130stanbul&#8217;da g\u00f6zalt\u0131na al\u0131nd\u0131.<\/p>\n","protected":false},"author":0,"featured_media":7665,"comment_status":"closed","ping_status":"closed","sticky":false,"template":"","format":"standard","meta":{"_yb_topic_hash":"0c97e45850189c997d98c59ee397111648cb0bee11d988b9b73e6fcb00d3b86e","_yb_image_repair_status":"","_yb_image_repair_last":"","_yb_image_repair_attempts":0,"_yb_source_trust_score":0,"footnotes":""},"categories":[154],"tags":[],"yb_news_series":[],"yb_language":[],"class_list":["post-7664","post","type-post","status-publish","format-standard","has-post-thumbnail","hentry","category-turkiye"],"blocksy_meta":[],"_links":{"self":[{"href":"https:\/\/yurtbakisi.com\/index.php?rest_route=\/wp\/v2\/posts\/7664","targetHints":{"allow":["GET"]}}],"collection":[{"href":"https:\/\/yurtbakisi.com\/index.php?rest_route=\/wp\/v2\/posts"}],"about":[{"href":"https:\/\/yurtbakisi.com\/index.php?rest_route=\/wp\/v2\/types\/post"}],"replies":[{"embeddable":true,"href":"https:\/\/yurtbakisi.com\/index.php?rest_route=%2Fwp%2Fv2%2Fcomments&post=7664"}],"version-history":[{"count":1,"href":"https:\/\/yurtbakisi.com\/index.php?rest_route=\/wp\/v2\/posts\/7664\/revisions"}],"predecessor-version":[{"id":7666,"href":"https:\/\/yurtbakisi.com\/index.php?rest_route=\/wp\/v2\/posts\/7664\/revisions\/7666"}],"wp:featuredmedia":[{"embeddable":true,"href":"https:\/\/yurtbakisi.com\/index.php?rest_route=\/wp\/v2\/media\/7665"}],"wp:attachment":[{"href":"https:\/\/yurtbakisi.com\/index.php?rest_route=%2Fwp%2Fv2%2Fmedia&parent=7664"}],"wp:term":[{"taxonomy":"category","embeddable":true,"href":"https:\/\/yurtbakisi.com\/index.php?rest_route=%2Fwp%2Fv2%2Fcategories&post=7664"},{"taxonomy":"post_tag","embeddable":true,"href":"https:\/\/yurtbakisi.com\/index.php?rest_route=%2Fwp%2Fv2%2Ftags&post=7664"},{"taxonomy":"yb_news_series","embeddable":true,"href":"https:\/\/yurtbakisi.com\/index.php?rest_route=%2Fwp%2Fv2%2Fyb_news_series&post=7664"},{"taxonomy":"yb_language","embeddable":true,"href":"https:\/\/yurtbakisi.com\/index.php?rest_route=%2Fwp%2Fv2%2Fyb_language&post=7664"}],"curies":[{"name":"wp","href":"https:\/\/api.w.org\/{rel}","templated":true}]}}