{"id":7673,"date":"2026-08-31T12:32:34","date_gmt":"2026-08-31T09:32:34","guid":{"rendered":"https:\/\/yurtbakisi.com\/?p=7673"},"modified":"2026-08-31T12:32:34","modified_gmt":"2026-08-31T09:32:34","slug":"poizi-konserinde-ortalik-karisti-tekmeli-yumruklu-kavga-kamerada-milliyet","status":"publish","type":"post","link":"https:\/\/yurtbakisi.com\/?p=7673","title":{"rendered":"Poizi konserinde ortal\u0131k kar\u0131\u015ft\u0131! Tekmeli yumruklu kavga kamerada &#8211; Milliyet"},"content":{"rendered":"<div class=\"yb-imported-news-note\">\n<p>Poizi konserinde ortal\u0131k kar\u0131\u015ft\u0131! Tekmeli yumruklu kavga kamerada Milliyet<\/p>\n<p><strong>Kaynak:<\/strong> Canl\u0131 Ak\u0131\u015f \u2014 Magazin \u2014 Ayr\u0131nt\u0131lar ve tam i\u00e7erik i\u00e7in <a href=\"https:\/\/news.google.com\/rss\/articles\/CBMirAFBVV95cUxNeHFzMjE0NFQ3dl85R1Z2LU5WaHBZWlp2M1NiX1BRaHgtZmVueVd2U3NwVTIyOXBiM0RNcEhySjI5WnllR3RpMkhHb2xFX21iRzMxTVVOU2NtNmwtNXo0QVEwOXFGbkVXSEZCUm1KWV9iYmlCVkd4YUFuR2pGRVd3YTVKMWVYck85VXdRaTBzNU1jU1BGTkNSUFFzWXBzZ0ItMnplWlhiZUNndFFo?oc=5\" target=\"_blank\" rel=\"nofollow noopener noreferrer\">\u00f6zg\u00fcn haberi a\u00e7\u0131n<\/a>.<\/p>\n<p><small>Bu kay\u0131t RSS haber havuzuna k\u0131sa kaynak \u00f6zeti olarak al\u0131nm\u0131\u015ft\u0131r; \u00f6zg\u00fcn metnin tamam\u0131 kopyalanmam\u0131\u015ft\u0131r.<\/small><\/p>\n<\/div>\n","protected":false},"excerpt":{"rendered":"<p>Poizi konserinde ortal\u0131k kar\u0131\u015ft\u0131! Tekmeli yumruklu kavga kamerada Milliyet<\/p>\n","protected":false},"author":1,"featured_media":0,"comment_status":"closed","ping_status":"closed","sticky":false,"template":"","format":"standard","meta":{"_yb_topic_hash":"de3505264e3262e1a98f2a63b23e2b0687837327ed9d04dfa1a3004514c851ce","_yb_image_repair_status":"","_yb_image_repair_last":"","_yb_image_repair_attempts":0,"_yb_source_trust_score":93,"footnotes":""},"categories":[39,15,5],"tags":[108,109],"yb_news_series":[],"yb_language":[],"class_list":["post-7673","post","type-post","status-publish","format-standard","has-post-thumbnail","hentry","category-konserler","category-magazin","category-muzik","tag-canli-akis-magazin","tag-muzik"],"blocksy_meta":[],"_links":{"self":[{"href":"https:\/\/yurtbakisi.com\/index.php?rest_route=\/wp\/v2\/posts\/7673","targetHints":{"allow":["GET"]}}],"collection":[{"href":"https:\/\/yurtbakisi.com\/index.php?rest_route=\/wp\/v2\/posts"}],"about":[{"href":"https:\/\/yurtbakisi.com\/index.php?rest_route=\/wp\/v2\/types\/post"}],"author":[{"embeddable":true,"href":"https:\/\/yurtbakisi.com\/index.php?rest_route=\/wp\/v2\/users\/1"}],"replies":[{"embeddable":true,"href":"https:\/\/yurtbakisi.com\/index.php?rest_route=%2Fwp%2Fv2%2Fcomments&post=7673"}],"version-history":[{"count":0,"href":"https:\/\/yurtbakisi.com\/index.php?rest_route=\/wp\/v2\/posts\/7673\/revisions"}],"wp:attachment":[{"href":"https:\/\/yurtbakisi.com\/index.php?rest_route=%2Fwp%2Fv2%2Fmedia&parent=7673"}],"wp:term":[{"taxonomy":"category","embeddable":true,"href":"https:\/\/yurtbakisi.com\/index.php?rest_route=%2Fwp%2Fv2%2Fcategories&post=7673"},{"taxonomy":"post_tag","embeddable":true,"href":"https:\/\/yurtbakisi.com\/index.php?rest_route=%2Fwp%2Fv2%2Ftags&post=7673"},{"taxonomy":"yb_news_series","embeddable":true,"href":"https:\/\/yurtbakisi.com\/index.php?rest_route=%2Fwp%2Fv2%2Fyb_news_series&post=7673"},{"taxonomy":"yb_language","embeddable":true,"href":"https:\/\/yurtbakisi.com\/index.php?rest_route=%2Fwp%2Fv2%2Fyb_language&post=7673"}],"curies":[{"name":"wp","href":"https:\/\/api.w.org\/{rel}","templated":true}]}}