{"id":7687,"date":"2026-08-31T14:59:59","date_gmt":"2026-08-31T11:59:59","guid":{"rendered":"https:\/\/yurtbakisi.com\/?p=7687"},"modified":"2026-08-31T15:00:09","modified_gmt":"2026-08-31T12:00:09","slug":"39-eylulde-7-gunde-7-tema-ile-halk-sagligina-dikkat-cekilecek","status":"publish","type":"post","link":"https:\/\/yurtbakisi.com\/?p=7687","title":{"rendered":"39 Eyl\u00fcl&#039;de 7 g\u00fcnde 7 tema ile halk sa\u011fl\u0131\u011f\u0131na dikkat \u00e7ekilecek"},"content":{"rendered":"<p>Halk sa\u011fl\u0131\u011f\u0131n\u0131n korunmas\u0131 ve geli\u015ftirilmesi, hastal\u0131klar\u0131n ortaya \u00e7\u0131kmadan \u00f6nlenmesi, erken tan\u0131n\u0131n \u00f6nemine dikkati \u00e7ekmek i\u00e7in 3-9 Eyl\u00fcl&#039;deki Halk Sa\u011fl\u0131\u011f\u0131 Haftas\u0131 kapsam\u0131nda 7 g\u00fcnde 7 farkl\u0131 tema ele al\u0131nacak.<\/p>\n<p><strong>Kaynak:<\/strong> TRT Haber \u2014 <a href=\"https:\/\/www.trthaber.com\/haber\/saglik\/3-9-eylulde-7-gunde-7-tema-ile-halk-sagligina-dikkat-cekilecek-955453.html\" target=\"_blank\" rel=\"nofollow noopener\">Haberin devam\u0131n\u0131 \u00f6zg\u00fcn kayna\u011f\u0131nda oku<\/a><\/p>\n","protected":false},"excerpt":{"rendered":"<p>Halk sa\u011fl\u0131\u011f\u0131n\u0131n korunmas\u0131 ve geli\u015ftirilmesi, hastal\u0131klar\u0131n ortaya \u00e7\u0131kmadan \u00f6nlenmesi, erken tan\u0131n\u0131n \u00f6nemine dikkati \u00e7ekmek i\u00e7in 3-9 Eyl\u00fcl&#8217;deki Halk Sa\u011fl\u0131\u011f\u0131 Haftas\u0131 kapsam\u0131nda 7 g\u00fcnde 7 farkl\u0131 tema ele al\u0131nacak.<\/p>\n","protected":false},"author":0,"featured_media":7688,"comment_status":"closed","ping_status":"closed","sticky":false,"template":"","format":"standard","meta":{"_yb_topic_hash":"880a4c03902026937bca7d2114e3ad4281c48251803cbca4b63a86fab80280ba","_yb_image_repair_status":"","_yb_image_repair_last":"","_yb_image_repair_attempts":0,"_yb_source_trust_score":0,"footnotes":""},"categories":[12],"tags":[],"yb_news_series":[],"yb_language":[],"class_list":["post-7687","post","type-post","status-publish","format-standard","has-post-thumbnail","hentry","category-saglik"],"blocksy_meta":[],"_links":{"self":[{"href":"https:\/\/yurtbakisi.com\/index.php?rest_route=\/wp\/v2\/posts\/7687","targetHints":{"allow":["GET"]}}],"collection":[{"href":"https:\/\/yurtbakisi.com\/index.php?rest_route=\/wp\/v2\/posts"}],"about":[{"href":"https:\/\/yurtbakisi.com\/index.php?rest_route=\/wp\/v2\/types\/post"}],"replies":[{"embeddable":true,"href":"https:\/\/yurtbakisi.com\/index.php?rest_route=%2Fwp%2Fv2%2Fcomments&post=7687"}],"version-history":[{"count":1,"href":"https:\/\/yurtbakisi.com\/index.php?rest_route=\/wp\/v2\/posts\/7687\/revisions"}],"predecessor-version":[{"id":7689,"href":"https:\/\/yurtbakisi.com\/index.php?rest_route=\/wp\/v2\/posts\/7687\/revisions\/7689"}],"wp:featuredmedia":[{"embeddable":true,"href":"https:\/\/yurtbakisi.com\/index.php?rest_route=\/wp\/v2\/media\/7688"}],"wp:attachment":[{"href":"https:\/\/yurtbakisi.com\/index.php?rest_route=%2Fwp%2Fv2%2Fmedia&parent=7687"}],"wp:term":[{"taxonomy":"category","embeddable":true,"href":"https:\/\/yurtbakisi.com\/index.php?rest_route=%2Fwp%2Fv2%2Fcategories&post=7687"},{"taxonomy":"post_tag","embeddable":true,"href":"https:\/\/yurtbakisi.com\/index.php?rest_route=%2Fwp%2Fv2%2Ftags&post=7687"},{"taxonomy":"yb_news_series","embeddable":true,"href":"https:\/\/yurtbakisi.com\/index.php?rest_route=%2Fwp%2Fv2%2Fyb_news_series&post=7687"},{"taxonomy":"yb_language","embeddable":true,"href":"https:\/\/yurtbakisi.com\/index.php?rest_route=%2Fwp%2Fv2%2Fyb_language&post=7687"}],"curies":[{"name":"wp","href":"https:\/\/api.w.org\/{rel}","templated":true}]}}