{"id":7709,"date":"2026-08-31T21:58:04","date_gmt":"2026-08-31T18:58:04","guid":{"rendered":"https:\/\/yurtbakisi.com\/?p=7709"},"modified":"2026-08-31T21:58:13","modified_gmt":"2026-08-31T18:58:13","slug":"bakanlar-fidan-ve-guler-pakistan-disisleri-bakani-dar-ile-biskeke-gidiyor","status":"publish","type":"post","link":"https:\/\/yurtbakisi.com\/?p=7709","title":{"rendered":"Bakanlar Fidan ve G\u00fcler, Pakistan D\u0131\u015fi\u015fleri Bakan\u0131 Dar ile Bi\u015fkek&#039;e gidiyor"},"content":{"rendered":"<p>D\u0131\u015fi\u015fleri Bakan\u0131 Hakan Fidan, Mekke Savunma \u0130ttifak\u0131&#039;n\u0131n Stratejik Siyasi ve Savunma Komitesi toplant\u0131s\u0131 sonras\u0131nda Milli Savunma Bakan\u0131 Ya\u015far G\u00fcler ve Pakistan D\u0131\u015fi\u015fleri Bakan\u0131 \u0130shak Dar ile Bi\u015fkek yolunda oldu\u011funu duyurdu.<\/p>\n<p><strong>Kaynak:<\/strong> TRT Haber \u2014 <a href=\"https:\/\/www.trthaber.com\/haber\/gundem\/bakanlar-fidan-ve-guler-pakistan-disisleri-bakani-dar-ile-biskeke-gidiyor-955492.html\" target=\"_blank\" rel=\"nofollow noopener\">Haberin devam\u0131n\u0131 \u00f6zg\u00fcn kayna\u011f\u0131nda oku<\/a><\/p>\n","protected":false},"excerpt":{"rendered":"<p>D\u0131\u015fi\u015fleri Bakan\u0131 Hakan Fidan, Mekke Savunma \u0130ttifak\u0131&#8217;n\u0131n Stratejik Siyasi ve Savunma Komitesi toplant\u0131s\u0131 sonras\u0131nda Milli Savunma Bakan\u0131 Ya\u015far G\u00fcler ve Pakistan D\u0131\u015fi\u015fleri Bakan\u0131 \u0130shak Dar ile Bi\u015fkek yolunda oldu\u011funu duyurdu.<\/p>\n","protected":false},"author":0,"featured_media":7710,"comment_status":"closed","ping_status":"closed","sticky":false,"template":"","format":"standard","meta":{"_yb_topic_hash":"29040f239377aa8d258e755984081c1872d3a8a2fcd3610c0c0b0ad65940440d","_yb_image_repair_status":"","_yb_image_repair_last":"","_yb_image_repair_attempts":0,"_yb_source_trust_score":0,"footnotes":""},"categories":[153],"tags":[107],"yb_news_series":[],"yb_language":[],"class_list":["post-7709","post","type-post","status-publish","format-standard","has-post-thumbnail","hentry","category-gundem","tag-cemiyet"],"blocksy_meta":[],"_links":{"self":[{"href":"https:\/\/yurtbakisi.com\/index.php?rest_route=\/wp\/v2\/posts\/7709","targetHints":{"allow":["GET"]}}],"collection":[{"href":"https:\/\/yurtbakisi.com\/index.php?rest_route=\/wp\/v2\/posts"}],"about":[{"href":"https:\/\/yurtbakisi.com\/index.php?rest_route=\/wp\/v2\/types\/post"}],"replies":[{"embeddable":true,"href":"https:\/\/yurtbakisi.com\/index.php?rest_route=%2Fwp%2Fv2%2Fcomments&post=7709"}],"version-history":[{"count":1,"href":"https:\/\/yurtbakisi.com\/index.php?rest_route=\/wp\/v2\/posts\/7709\/revisions"}],"predecessor-version":[{"id":7711,"href":"https:\/\/yurtbakisi.com\/index.php?rest_route=\/wp\/v2\/posts\/7709\/revisions\/7711"}],"wp:featuredmedia":[{"embeddable":true,"href":"https:\/\/yurtbakisi.com\/index.php?rest_route=\/wp\/v2\/media\/7710"}],"wp:attachment":[{"href":"https:\/\/yurtbakisi.com\/index.php?rest_route=%2Fwp%2Fv2%2Fmedia&parent=7709"}],"wp:term":[{"taxonomy":"category","embeddable":true,"href":"https:\/\/yurtbakisi.com\/index.php?rest_route=%2Fwp%2Fv2%2Fcategories&post=7709"},{"taxonomy":"post_tag","embeddable":true,"href":"https:\/\/yurtbakisi.com\/index.php?rest_route=%2Fwp%2Fv2%2Ftags&post=7709"},{"taxonomy":"yb_news_series","embeddable":true,"href":"https:\/\/yurtbakisi.com\/index.php?rest_route=%2Fwp%2Fv2%2Fyb_news_series&post=7709"},{"taxonomy":"yb_language","embeddable":true,"href":"https:\/\/yurtbakisi.com\/index.php?rest_route=%2Fwp%2Fv2%2Fyb_language&post=7709"}],"curies":[{"name":"wp","href":"https:\/\/api.w.org\/{rel}","templated":true}]}}